{"id":9988,"date":"2022-09-12T13:01:02","date_gmt":"2022-09-12T11:01:02","guid":{"rendered":"https:\/\/gruene-bremen.de\/?p=9988"},"modified":"2022-09-12T13:01:02","modified_gmt":"2022-09-12T11:01:02","slug":"ein-neues-wir-fuer-ein-starkes-bundesland-bremen","status":"publish","type":"post","link":"https:\/\/wordpress44.gcms.verdigado.net\/alteseite\/ein-neues-wir-fuer-ein-starkes-bundesland-bremen\/","title":{"rendered":"Ein neues \u201eWir\u201c f\u00fcr ein starkes Bundesland Bremen"},"content":{"rendered":"<p><strong>GR\u00dcN macht den Unterschied.<\/strong><br \/>\nSeit 15 Jahren regieren B\u00fcndnis90\/Die Gr\u00fcnen in Bremen mit. Dabei haben wir uns immer von einer klaren Haltung, klaren Zielen und Vernunft leiten lassen.<\/p>\n<p>Und nun sind die Gr\u00fcnen auch im Bund wieder in Regierungsverantwortung. Der Kontrast zur Vorg\u00e4ngerregierung der Gro\u00dfen Koalition k\u00f6nnte nicht gr\u00f6\u00dfer sein. Endlich gibt es auch in Berlin Mehrheiten f\u00fcr Klimaschutz und eine Wirtschaftspolitik, die nicht alleine auf den Versprechen der Vergangenheit aufbaut. Endlich gibt es auch im Bund eine Regierung, die sich den gro\u00dfen Fragen der Zeit stellt und nicht im Verwaltungsmodus verharrt. Endlich gibt es eine deutsche Au\u00dfenpolitik, die europ\u00e4ische Werte und die Ziele internationaler Kooperation zusammendenkt, anstatt sich in einem falsch verstandenen Pragmatismus immer weiter von despotischen Regimen abh\u00e4ngig zu machen.<\/p>\n<p><strong>GR\u00dcN ist stark \u2013 gerade in schwierigen Zeiten <\/strong><\/p>\n<p>In diesem starken Kontrast wird deutlich, wie bedeutsam eine Gr\u00fcne Regierungsbeteiligung ist und wie wir Menschen auch in schwierigen Zeiten \u00fcberzeugen k\u00f6nnen: Wir verfolgen beharrlich und pragmatisch L\u00f6sungen, beziehen alle Menschen in unsere \u00dcberlegungen ein und verlieren dabei die gro\u00dfen Ziele nicht aus den Augen.<\/p>\n<p>Wir haben die Finanzkrise von 2008 erfolgreich durchschifft, Bremen zum sicheren Hafen gemacht, als 2015 zigtausende Menschen dem Krieg in Syrien entflohen sind. Wir haben das Bundesland Bremen zum bundesweiten Vorreiter bei der Digitalisierung der Verwaltung gemacht. Wir haben unseren Haushalt saniert. Nur so gab es die M\u00f6glichkeiten auch als Bundesland die Auswirkungen der Coronakrise abzud\u00e4mpfen und den Verlust von Arbeitspl\u00e4tzen sowie auch von Orten, wie Kultureinrichtungen, zu verhindern, die das Leben in unseren Kommunen lebenswert machen. Bei der Klimaanpassung ist Bremen Vorreiter, wir sind die gr\u00fcnste Gro\u00dfstadt mit den meisten B\u00e4umen und Parks pro Einwohner und erneut zur fahrradfreundlichsten Gro\u00dfstadt gek\u00fcrt worden. Ohne unsere Gr\u00fcne Handschrift in der Politik w\u00e4re all dies nicht verwirklicht worden.<\/p>\n<p><strong>Ein neuer Aufbruch<\/strong><br \/>\nGr\u00fcne Politik hatte immer eine moderne Gesellschaft zum Ziel. Wir lehnen neue Entwicklungen nicht ab. Wir haben den Anspruch, sie so zu formen, dass sie allen nutzen, kommende Generationen ber\u00fccksichtigen, sozial und gerecht sind. Wir m\u00fcssen immer wieder aufs Neue aufbrechen. Das ist die DNA Gr\u00fcner Politik und deshalb wird Gr\u00fcne Politik im Bundesland Bremen auch zuk\u00fcnftig an verantwortungsvoller Stelle gebraucht.<\/p>\n<p>Wir brauchen eine erweiterte Definition von Wohlstand, die Begriffe wie Gemeinwohl, Lebensqualit\u00e4t, Gerechtigkeit und Gesundheit mit einschlie\u00dft. Kurzum \u2013 wir brauchen einen gewaltigen Modernisierungsschub f\u00fcr unser Bundesland. Wir wollen aus den Krisen und Herausforderungen unserer Zeit st\u00e4rker hervorgehen als wir hineingegangen sind.<\/p>\n<p>Wir brauchen ein neues sozial-\u00f6konomisches Leitbild f\u00fcr Bremerhaven und Bremen, das unsere Wirtschaft fit f\u00fcr die Zukunft macht. Wir m\u00fcssen daf\u00fcr sorgen, dass hier bei uns die nachhaltigen, digitalen und wissensbasierten Unternehmen und Gesch\u00e4ftsmodelle entstehen, die die anstehende Transformation erm\u00f6glichen und erfolgreich machen. Denn nur so werden wir die Armut in unserem Bundesland wirkungsvoll bek\u00e4mpfen k\u00f6nnen.<\/p>\n<p>Wir wollen deshalb das Bundesland Bremen zu einer Modellregion in Deutschland f\u00fcr eine nachhaltige Wirtschaftsstruktur machen und diejenigen zielgenau unterst\u00fctzen, die sonst unter der Last der aktuellen Krisen und Ver\u00e4nderungen zusammenbrechen w\u00fcrden.<\/p>\n<p><strong>Ein neues \u00bbWir\u00ab<\/strong><br \/>\nAllerdings k\u00f6nnen wir diesen Aufbruch nicht allein meistern. Wir m\u00fcssen das \u201eWir\u201c gr\u00f6\u00dfer denken. Wir werden es nur gemeinsam schaffen.<\/p>\n<p>Dazu brauchen wir das Vertrauen der Menschen. Vertrauen, dass alle auch mit einer neuen Mobilit\u00e4t noch schnell, bezahlbar und sicher zur Arbeit kommen k\u00f6nnen. Vertrauen, dass alle ihre Energierechnung bezahlen k\u00f6nnen. Vertrauen, dass die Ver\u00e4nderungen nicht einen wirtschaftlichen und sozialen Abstieg zur Folge haben \u2013 sondern das Gegenteil der Fall sein wird. Vertrauen, dass Belastungen nicht kleingeredet und verharmlost werden, sondern so gerecht verteilt werden, dass st\u00e4rkere Schultern mehr tragen.<\/p>\n<p>Es ist unsere Aufgabe, dieses Vertrauen zu schaffen, indem wir Probleme offen ansprechen und pragmatische und schnelle L\u00f6sungen suchen. Indem wir nicht nur erkl\u00e4ren, wohin wir wollen, sondern auch, wie wir dorthin kommen k\u00f6nnen und wie der Wandel f\u00fcr jede\/n B\u00fcrger*in machbar wird.<\/p>\n<p><strong>GR\u00dcN gemeinsam mit Maike Schaefer<\/strong><br \/>\nMaike Schaefer hat mit ihrer Arbeit als B\u00fcrgermeisterin und Senatorin gezeigt, dass Gr\u00fcne Politik eine Politik des Machens ist. Sie hat mit ihrer Arbeit daf\u00fcr gesorgt, dass Bremen 2023 aus der Kohleverstromung aussteigen kann. Als Bausenatorin hat sie den Grundstein f\u00fcr 10.000 neue Wohnungen gelegt und die Quote f\u00fcr gef\u00f6rderten Wohnraum bei Neubauten auf 30% angehoben. Maike Schaefer hat die Verl\u00e4ngerung der Linien 1 und 8 vorangebracht und mit der Anschaffung neuer Stra\u00dfenbahnen und Elektrobusse einen wichtigen Schritt f\u00fcr einen besseren \u00d6PNV und die Mobilit\u00e4tswende getan. Bei dem Schl\u00fcsselprojekt \u201eGewerbeentwicklungsplan\u201c hat sie erfolgreich f\u00fcr den Umweltschutz und gegen die weitere Versiegelung \u00f6kologisch wertvoller Fl\u00e4chen gek\u00e4mpft ohne M\u00f6glichkeiten zur Entwicklung der Wirtschaft in Bremen zu verhindern. Sie steht in engem Austausch mit den lokalen Energieerzeugern und der Bundesebene, um unser Land sicher durch den Winter zu bringen.<\/p>\n<p>Vertrauen entsteht aber auch durch Standfestigkeit. Entscheidungen und Wandel l\u00f6sen auch Kontroversen aus \u2013 in unseren St\u00e4dten ebenso wie in unserer Partei. Maike Schaefer hat einen breit angelegten, \u00f6ffentlichen Dialog zur Kontroverse um den Deichschutz und den Erhalt von B\u00e4umen in der Neustadt initiiert. Bei der Sicherheit der B\u00fcrger*innen in der Neustadt hat sie aber keinen Kompromiss gemacht. Sie hat sich bei Gegenwind nicht weggeduckt, sondern erkl\u00e4rt, warum wir auch unpopul\u00e4re Entscheidungen f\u00fcr richtig halten \u2013 und umsetzen. Das gilt auch f\u00fcr die Verkehrswende und die \u00f6ffentliche Debatte um ein zukunftsf\u00e4higes Mobilit\u00e4tskonzept mit mehr Rad- und Fu\u00dfg\u00e4ngerverkehr. Der gelungene Runde Tisch Rennbahn hat gezeigt, wie wichtig Beteiligungsformate sind um gute Ergebnisse zu erzielen die auf breite Akzeptanz sto\u00dfen.<\/p>\n<p>Zuletzt entsteht Vertrauen, wenn wir uns auch selber hinterfragen, den Dialog suchen und bereit sind, uns als Gr\u00fcne Partei weiter zu entwickeln. Wir wissen, dass wir in der Vergangenheit nicht alle unsere Vorstellungen und Projekte erfolgreich umgesetzt haben. Wir m\u00fcssen auf allen Ebenen der Partei, Regierung und Fraktion aus den Kontroversen lernen und uns fragen, wie wir noch besser werden k\u00f6nnen, ein offenes Ohr behalten und den Wandel f\u00fcr alle Menschen m\u00f6glich machen.<\/p>\n<p>Mit Maike Schaefer haben wir eine starke Pers\u00f6nlichkeit, mit der wir diese Weiterentwicklung angehen und ein neues Angebot f\u00fcr den Modernisierungsschub der anstehenden Transformation machen wollen.<\/p>\n<p><strong>Beschluss<\/strong><br \/>\nWir unterst\u00fctzen daher Maike Schaefers Kandidatur als Spitzenkandidatin und empfehlen der Wahlversammlung im kommenden Herbst, sie auf Listenplatz 1 zu w\u00e4hlen.<\/p>\n","protected":false},"excerpt":{"rendered":"<p>GR\u00dcN macht den Unterschied. Seit 15 Jahren regieren B\u00fcndnis90\/Die Gr\u00fcnen in Bremen mit. Dabei haben wir uns immer von einer klaren Haltung, klaren Zielen und Vernunft leiten lassen. Und nun sind die Gr\u00fcnen auch im Bund wieder in Regierungsverantwortung. Der Kontrast zur Vorg\u00e4ngerregierung der Gro\u00dfen Koalition k\u00f6nnte nicht gr\u00f6\u00dfer sein. Endlich gibt es auch in&#8230;<\/p>\n","protected":false},"author":139,"featured_media":0,"comment_status":"closed","ping_status":"closed","sticky":false,"template":"","format":"standard","meta":{"footnotes":""},"categories":[3],"tags":[239],"class_list":["post-9988","post","type-post","status-publish","format-standard","hentry","category-beschluesse","tag-lmv-beschluesse"],"_links":{"self":[{"href":"https:\/\/wordpress44.gcms.verdigado.net\/alteseite\/wp-json\/wp\/v2\/posts\/9988","targetHints":{"allow":["GET"]}}],"collection":[{"href":"https:\/\/wordpress44.gcms.verdigado.net\/alteseite\/wp-json\/wp\/v2\/posts"}],"about":[{"href":"https:\/\/wordpress44.gcms.verdigado.net\/alteseite\/wp-json\/wp\/v2\/types\/post"}],"author":[{"embeddable":true,"href":"https:\/\/wordpress44.gcms.verdigado.net\/alteseite\/wp-json\/wp\/v2\/users\/139"}],"replies":[{"embeddable":true,"href":"https:\/\/wordpress44.gcms.verdigado.net\/alteseite\/wp-json\/wp\/v2\/comments?post=9988"}],"version-history":[{"count":1,"href":"https:\/\/wordpress44.gcms.verdigado.net\/alteseite\/wp-json\/wp\/v2\/posts\/9988\/revisions"}],"predecessor-version":[{"id":9989,"href":"https:\/\/wordpress44.gcms.verdigado.net\/alteseite\/wp-json\/wp\/v2\/posts\/9988\/revisions\/9989"}],"wp:attachment":[{"href":"https:\/\/wordpress44.gcms.verdigado.net\/alteseite\/wp-json\/wp\/v2\/media?parent=9988"}],"wp:term":[{"taxonomy":"category","embeddable":true,"href":"https:\/\/wordpress44.gcms.verdigado.net\/alteseite\/wp-json\/wp\/v2\/categories?post=9988"},{"taxonomy":"post_tag","embeddable":true,"href":"https:\/\/wordpress44.gcms.verdigado.net\/alteseite\/wp-json\/wp\/v2\/tags?post=9988"}],"curies":[{"name":"wp","href":"https:\/\/api.w.org\/{rel}","templated":true}]}}