{"id":9981,"date":"2022-09-12T12:50:23","date_gmt":"2022-09-12T10:50:23","guid":{"rendered":"https:\/\/gruene-bremen.de\/?p=9981"},"modified":"2022-09-12T12:50:23","modified_gmt":"2022-09-12T10:50:23","slug":"einsetzung-einer-antragskommission-fuer-die-programm-lmv","status":"publish","type":"post","link":"https:\/\/wordpress44.gcms.verdigado.net\/alteseite\/einsetzung-einer-antragskommission-fuer-die-programm-lmv\/","title":{"rendered":"Einsetzung einer Antragskommission f\u00fcr die Programm-LMV"},"content":{"rendered":"<p><span style=\"font-family: 'PT Sans',sans-serif\">F\u00fcr die Landesmitgliederversammlung auf der das Wahlprogramm f\u00fcr die B\u00fcrgerschaftswahl 2023 verhandelt werden soll, schl\u00e4gt der Landesvorstand der Landesmitgliederversammlung die Einsetzung einer neunk\u00f6pfigen Antragskommission vor. Im Falle einer Absage bzw. eines Ausfalls einer oder mehrerer Person, oder der Nichtbenennung einer zu entsendenden Person kann der Landesvorstand die Antragskommission nachbesetzen. Diese Personen w\u00fcrden dann bei der Programm LMV von den Mitgliedern best\u00e4tigt werden.<\/span><\/p>\n<p><span style=\"font-family: 'PT Sans',sans-serif\">Die Antragskommission soll bestehen aus:<\/span><\/p>\n<p><span style=\"font-family: 'PT Sans',sans-serif\">Bj\u00f6rn Fecker<\/span><\/p>\n<p><span style=\"font-family: 'PT Sans',sans-serif\">Solveig Eschen<\/span><\/p>\n<p><span style=\"font-family: 'PT Sans',sans-serif\">Anthrin Simon<\/span><\/p>\n<p><span style=\"font-family: 'PT Sans',sans-serif\">Maike Sophie Mittelst\u00e4dt<\/span><\/p>\n<p><span style=\"font-family: 'PT Sans',sans-serif\">Anke Sabaetzki<\/span><\/p>\n<p><span style=\"font-family: 'PT Sans',sans-serif\">Christina Schwarzwald<\/span><\/p>\n<p><span style=\"font-family: 'PT Sans',sans-serif\">Jan Br\u00fcning<\/span><\/p>\n<p><span style=\"font-family: 'PT Sans',sans-serif\">Einem vom KV Bremerhaven entsendeten Mitglied<\/span><\/p>\n<p><span style=\"font-family: 'PT Sans',sans-serif\">Einer Person aus dem gesch\u00e4ftsf\u00fchrenden Landesvorstand<\/span><\/p>\n","protected":false},"excerpt":{"rendered":"<p>F\u00fcr die Landesmitgliederversammlung auf der das Wahlprogramm f\u00fcr die B\u00fcrgerschaftswahl 2023 verhandelt werden soll, schl\u00e4gt der Landesvorstand der Landesmitgliederversammlung die Einsetzung einer neunk\u00f6pfigen Antragskommission vor. Im Falle einer Absage bzw. eines Ausfalls einer oder mehrerer Person, oder der Nichtbenennung einer zu entsendenden Person kann der Landesvorstand die Antragskommission nachbesetzen. Diese Personen w\u00fcrden dann bei der&#8230;<\/p>\n","protected":false},"author":139,"featured_media":0,"comment_status":"closed","ping_status":"closed","sticky":false,"template":"","format":"standard","meta":{"footnotes":""},"categories":[3],"tags":[239],"class_list":["post-9981","post","type-post","status-publish","format-standard","hentry","category-beschluesse","tag-lmv-beschluesse"],"_links":{"self":[{"href":"https:\/\/wordpress44.gcms.verdigado.net\/alteseite\/wp-json\/wp\/v2\/posts\/9981","targetHints":{"allow":["GET"]}}],"collection":[{"href":"https:\/\/wordpress44.gcms.verdigado.net\/alteseite\/wp-json\/wp\/v2\/posts"}],"about":[{"href":"https:\/\/wordpress44.gcms.verdigado.net\/alteseite\/wp-json\/wp\/v2\/types\/post"}],"author":[{"embeddable":true,"href":"https:\/\/wordpress44.gcms.verdigado.net\/alteseite\/wp-json\/wp\/v2\/users\/139"}],"replies":[{"embeddable":true,"href":"https:\/\/wordpress44.gcms.verdigado.net\/alteseite\/wp-json\/wp\/v2\/comments?post=9981"}],"version-history":[{"count":1,"href":"https:\/\/wordpress44.gcms.verdigado.net\/alteseite\/wp-json\/wp\/v2\/posts\/9981\/revisions"}],"predecessor-version":[{"id":9982,"href":"https:\/\/wordpress44.gcms.verdigado.net\/alteseite\/wp-json\/wp\/v2\/posts\/9981\/revisions\/9982"}],"wp:attachment":[{"href":"https:\/\/wordpress44.gcms.verdigado.net\/alteseite\/wp-json\/wp\/v2\/media?parent=9981"}],"wp:term":[{"taxonomy":"category","embeddable":true,"href":"https:\/\/wordpress44.gcms.verdigado.net\/alteseite\/wp-json\/wp\/v2\/categories?post=9981"},{"taxonomy":"post_tag","embeddable":true,"href":"https:\/\/wordpress44.gcms.verdigado.net\/alteseite\/wp-json\/wp\/v2\/tags?post=9981"}],"curies":[{"name":"wp","href":"https:\/\/api.w.org\/{rel}","templated":true}]}}