{"id":9979,"date":"2022-09-12T12:49:41","date_gmt":"2022-09-12T10:49:41","guid":{"rendered":"https:\/\/gruene-bremen.de\/?p=9979"},"modified":"2022-09-12T12:49:41","modified_gmt":"2022-09-12T10:49:41","slug":"mandatstraegerinnenabgabenordnung","status":"publish","type":"post","link":"https:\/\/wordpress44.gcms.verdigado.net\/alteseite\/mandatstraegerinnenabgabenordnung\/","title":{"rendered":"Mandatstr\u00e4ger*innenabgabenordnung"},"content":{"rendered":"<p><span style=\"font-family: 'PT Sans',sans-serif\">Sonderbeitr\u00e4ge nach \u00a7 5 Abs. 3 der Satzung von B\u00fcndnis 90\/DIE GR\u00dcNEN Landesverband Bremen: <\/span><\/p>\n<p><span style=\"font-family: 'PT Sans',sans-serif\">Sonderbeitr\u00e4ge von Abgeordneten, Senator*innen, Staatsr\u00e4t*innen, Sonstigen <\/span><\/p>\n<p><span style=\"font-family: 'PT Sans',sans-serif\">1.<br \/>\nAbgeordnete der Bremischen B\u00fcrgerschaft (Landtag) zahlen monatlich 8,5% ihrer monatlichen Abgeordnetenentsch\u00e4digung gem\u00e4\u00df \u00a7 5 Abs. 1 des Bremischen Abgeordnetengesetzes an den Landesverband Bremen von B\u00dcNDNIS 90\/DIE GR\u00dcNEN. Eventuelle j\u00e4hrliche Anpassungen der Abgeordnetenentsch\u00e4digungen werden auf die Abgabe angepasst. <\/span><\/p>\n<p><span style=\"font-family: 'PT Sans',sans-serif\">2.<br \/>\nDie*Der Fraktionsvorsitzende und die stellvertretenden Fraktionsvorsitzenden zahlen jeweils 8,5% der Abgeordnetenentsch\u00e4digung gem\u00e4\u00df \u00a7 5 Abs. 1 und 2 des Bremischen Abgeordnetengesetzes an den Landesverband Bremen von B\u00dcNDNIS 90\/DIE GR\u00dcNEN. Eventuelle j\u00e4hrliche Anpassungen der Abgeordnetenentsch\u00e4digungen werden auf die Abgabe angepasst. <\/span><\/p>\n<p><span style=\"font-family: 'PT Sans',sans-serif\">3.<br \/>\nDie*Der Vizepr\u00e4sident*in der Bremischen B\u00fcrgerschaft zahlt 8,5% der Abgeordnetenentsch\u00e4digung gem\u00e4\u00df \u00a7 5 Abs. 1 und 2 des Bremischen Abgeordnetengesetzes an den Landesverband Bremen von B\u00dcNDNIS 90\/DIE GR\u00dcNEN. Eventuelle j\u00e4hrliche Anpassungen der Abgeordnetenentsch\u00e4digungen werden auf die Abgabe angepasst. <\/span><\/p>\n<p><span style=\"font-family: 'PT Sans',sans-serif\">4.<br \/>\nSenator*innen zahlen monatlich 8,5% ihrer Grundbez\u00fcge einschlie\u00dflich der Aufwandsentsch\u00e4digungen gem\u00e4\u00df Senatsgesetz \u00a7 5 Abs. 1 an den Landesverband Bremen von B\u00dcNDNIS 90\/DIE GR\u00dcNEN. Staatsr\u00e4t*innen zahlen monatlich 8,5% ihrer Grundbez\u00fcge gem\u00e4\u00df Senatsgesetz \u00a715a an den Landesverband Bremen von B\u00dcNDNIS 90\/DIE GR\u00dcNEN. <\/span><\/p>\n<p><span style=\"font-family: 'PT Sans',sans-serif\">5.<br \/>\nF\u00fcr Senator*innen und Staatsr\u00e4t*innen, die nicht Mitglied bei B\u00dcNDNIS 90\/DIE GR\u00dcNEN sind, von diesen aber berufen wurden, wird eine Sonderregelung vereinbart. Diese Sonderregelung wird zwischen dem gesch\u00e4ftsf\u00fchrendem Landesvorstand und den jeweils Beteiligten verhandelt. Sollte es w\u00e4hrend der Legislaturperiode zu Erh\u00f6hungen der Bez\u00fcge kommen, wird die Abgabe entsprechend der prozentualen Erh\u00f6hung angepasst. <\/span><\/p>\n<p><span style=\"font-family: 'PT Sans',sans-serif\">6.<br \/>\nAlle anderen Abgaben von Bez\u00fcgen aus Wahl\u00e4mtern, die von Mitgliedern von B\u00dcNDNIS 90\/DIE GR\u00dcNEN in Bremen besetzt sind, werden individuell geregelt und sind von*vom der*dem Landesschatzmeister*in dem Landesvorstand zur Beschlussfassung vorzulegen. <\/span><\/p>\n<p><span style=\"font-family: 'PT Sans',sans-serif\">7.<br \/>\nDie*Der Fraktionsgesch\u00e4ftsf\u00fchrer*in zahlt monatlich 5% seiner*ihrer Grundbez\u00fcge an den Landesverband Bremen B\u00dcNDNIS 90\/DIE GR\u00dcNEN.<br \/>\nSollte es w\u00e4hrend der Legislaturperiode zu Erh\u00f6hungen der Bez\u00fcge kommen, wird die Abgabe entsprechend der prozentualen Erh\u00f6hung angepasst. <\/span><\/p>\n<p><span style=\"font-family: 'PT Sans',sans-serif\">8.<br \/>\nVon den o.g. Regelungen kann abgewichen werden, wenn unterhaltspflichtige Kinder zu versorgen sind. In diesem Fall reduziert sich der nach der vorgenannten Regelung ermittelte Betrag um monatlich 100 Euro pro Kind. Die Erm\u00e4\u00dfigung gilt nach den g\u00fcltigen gesetzlichen Bestimmungen f\u00fcr den Bezug von Kindergeld.<br \/>\nF\u00fcr zu pflegende Angeh\u00f6rige ersten Grades (Eltern, Geschwister), f\u00fcr die Unterhalt etc aufzuwenden ist, gilt Entsprechendes.<br \/>\nNachweise sind der*dem Landesschatzmeister*in auf Verlangen vorzulegen.<br \/>\nSollte die Anzahl der unterhaltspflichtigen Kinder bzw. der zu pflegenden Personen so hoch sein, dass es zu keiner Sonderabgabe kommt, soll die M\u00f6glichkeit von Spenden in Abstimmung mit der*dem Landesschatzmeister*in erwogen werden. <\/span><\/p>\n<p><span style=\"font-family: 'PT Sans',sans-serif\">9.<br \/>\nDer Landesvorstand erstattet regelm\u00e4\u00dfig mit Stichtag zum 31.10. eines Jahres mit einer Liste Bericht \u00fcber den Stand der Entwicklung Mandatstr\u00e4ger*innenbeitr\u00e4ge. Dieser Bericht wird auf der dem 31.10. folgenden Landesmitgliederversammlung den Mitgliedern zur Kenntnis gegeben.<br \/>\nBerichtet wird mit namentlicher Nennung \u00fcber die Erf\u00fcllung der Mandatsabgabenpflicht, angegeben in Prozent. Sonderregelungen nach Ziff. 5 dieser Abgabenordnung sowie Abreden \u00fcber die Reduzierung oder Nichtzahlung von Mandatstr\u00e4gerabgaben werden in dieser Liste mit Namensnennung ebenfalls ver\u00f6ffentlicht.<\/span><\/p>\n","protected":false},"excerpt":{"rendered":"<p>Sonderbeitr\u00e4ge nach \u00a7 5 Abs. 3 der Satzung von B\u00fcndnis 90\/DIE GR\u00dcNEN Landesverband Bremen: Sonderbeitr\u00e4ge von Abgeordneten, Senator*innen, Staatsr\u00e4t*innen, Sonstigen 1. Abgeordnete der Bremischen B\u00fcrgerschaft (Landtag) zahlen monatlich 8,5% ihrer monatlichen Abgeordnetenentsch\u00e4digung gem\u00e4\u00df \u00a7 5 Abs. 1 des Bremischen Abgeordnetengesetzes an den Landesverband Bremen von B\u00dcNDNIS 90\/DIE GR\u00dcNEN. Eventuelle j\u00e4hrliche Anpassungen der Abgeordnetenentsch\u00e4digungen werden auf&#8230;<\/p>\n","protected":false},"author":139,"featured_media":0,"comment_status":"closed","ping_status":"closed","sticky":false,"template":"","format":"standard","meta":{"footnotes":""},"categories":[3],"tags":[239],"class_list":["post-9979","post","type-post","status-publish","format-standard","hentry","category-beschluesse","tag-lmv-beschluesse"],"_links":{"self":[{"href":"https:\/\/wordpress44.gcms.verdigado.net\/alteseite\/wp-json\/wp\/v2\/posts\/9979","targetHints":{"allow":["GET"]}}],"collection":[{"href":"https:\/\/wordpress44.gcms.verdigado.net\/alteseite\/wp-json\/wp\/v2\/posts"}],"about":[{"href":"https:\/\/wordpress44.gcms.verdigado.net\/alteseite\/wp-json\/wp\/v2\/types\/post"}],"author":[{"embeddable":true,"href":"https:\/\/wordpress44.gcms.verdigado.net\/alteseite\/wp-json\/wp\/v2\/users\/139"}],"replies":[{"embeddable":true,"href":"https:\/\/wordpress44.gcms.verdigado.net\/alteseite\/wp-json\/wp\/v2\/comments?post=9979"}],"version-history":[{"count":1,"href":"https:\/\/wordpress44.gcms.verdigado.net\/alteseite\/wp-json\/wp\/v2\/posts\/9979\/revisions"}],"predecessor-version":[{"id":9980,"href":"https:\/\/wordpress44.gcms.verdigado.net\/alteseite\/wp-json\/wp\/v2\/posts\/9979\/revisions\/9980"}],"wp:attachment":[{"href":"https:\/\/wordpress44.gcms.verdigado.net\/alteseite\/wp-json\/wp\/v2\/media?parent=9979"}],"wp:term":[{"taxonomy":"category","embeddable":true,"href":"https:\/\/wordpress44.gcms.verdigado.net\/alteseite\/wp-json\/wp\/v2\/categories?post=9979"},{"taxonomy":"post_tag","embeddable":true,"href":"https:\/\/wordpress44.gcms.verdigado.net\/alteseite\/wp-json\/wp\/v2\/tags?post=9979"}],"curies":[{"name":"wp","href":"https:\/\/api.w.org\/{rel}","templated":true}]}}