{"id":9977,"date":"2022-09-12T12:48:57","date_gmt":"2022-09-12T10:48:57","guid":{"rendered":"https:\/\/gruene-bremen.de\/?p=9977"},"modified":"2022-09-12T12:48:57","modified_gmt":"2022-09-12T10:48:57","slug":"fairnesskodex-zur-listenaufstellung","status":"publish","type":"post","link":"https:\/\/wordpress44.gcms.verdigado.net\/alteseite\/fairnesskodex-zur-listenaufstellung\/","title":{"rendered":"Fairnesskodex zur Listenaufstellung"},"content":{"rendered":"<p><span style=\"font-family: 'PT Sans',sans-serif\">Alle Kandidat*innen, die sich f\u00fcr die Listenaufstellung bewerben, sollen sich im Rahmen ihrer Bewerbung per Unterschrift auf nachfolgend aufgef\u00fchrten Fairnesskodex bekennen.<\/span><\/p>\n<p><span style=\"font-family: 'PT Sans',sans-serif\">Der Landesvorstand wird aufgefordert, auf Basis des Wahlkampfkonzeptes einen konkreten Rahmen f\u00fcr die einzelnen Wahlkampfaktivit\u00e4ten vorzugeben. Falls eine Wahlkampfkommission oder ein anderes f\u00fcr den Wahlkampf zust\u00e4ndiges Gremium gebildet wird, ist dieses Gremium bei der Erstellung der Vorgaben zu beteiligen.<\/span><\/p>\n<p><strong><span style=\"font-family: 'PT Sans',sans-serif\">Fairness-Kodex \u2013 B\u00fcrgerschaftswahl Bremen 2023<\/span><\/strong><\/p>\n<p><span style=\"font-family: 'PT Sans',sans-serif\">Wir GR\u00dcNE nennen uns nicht Kolleginnen oder Kollegen, auch nicht Genossinnen oder Genossen, wir sehen uns als Freundinnen und Freunde. Und diesem Anspruch an den Umgang miteinander wollen wir auch im anstehenden Wahlkampf zur Bremischen B\u00fcrgerschaftswahl 2023 gerecht werden<\/span><\/p>\n<p><span style=\"font-family: 'PT Sans',sans-serif\">Als Bewerber*in f\u00fcr die gr\u00fcne Wahlbereichsliste zur B\u00fcrgerschaftswahl erkl\u00e4re ich, dass ich einen fairen und anst\u00e4ndigen Wahlkampf f\u00fchren werde.<\/span><\/p>\n<p><span style=\"font-family: 'PT Sans',sans-serif\">Das bedeutet, dass ich den vom Landesvorstand vorgegebenen Rahmen zum Wahlkampf achten und einhalten werde. Dies umfasst insbesondere die Aspekte Wahlplakate, Pressearbeit inkl. Social Media, Wahlkampf-Material, Wahlkampftermine inkl. Haust\u00fcrwahlkampf und Veranstaltungen.<\/span><\/p>\n<p><span style=\"font-family: 'PT Sans',sans-serif\">Auch im eigenen Personenwahlkampf k\u00e4mpfe ich ebenso f\u00fcr ein gemeinsames und insgesamt erfolgreiches gr\u00fcnes Ergebnis. Ich halte mich daf\u00fcr an Absprachen mit dem f\u00fcr den Wahlkampf zust\u00e4ndigen Gremium und koordiniere meine eigenen Aktivit\u00e4ten mit der Landesgesch\u00e4ftsstelle.<\/span><\/p>\n<p><span style=\"font-family: 'PT Sans',sans-serif\">Mir ist bekannt, dass die Unterzeichnung dieses Fairness-Kodex freiwillig erfolgt und keine Voraussetzung ist, um auf der Aufstellungsversammlung f\u00fcr einen Platz auf der Wahlbereichsliste kandidieren zu k\u00f6nnen und gew\u00e4hlt zu werden.<\/span><\/p>\n<p><span style=\"font-family: 'PT Sans',sans-serif\">Mit meiner Unterschrift stelle ich mich hinter einen gemeinsamen und fairen gr\u00fcnen Wahlkampf.<\/span><\/p>\n","protected":false},"excerpt":{"rendered":"<p>Alle Kandidat*innen, die sich f\u00fcr die Listenaufstellung bewerben, sollen sich im Rahmen ihrer Bewerbung per Unterschrift auf nachfolgend aufgef\u00fchrten Fairnesskodex bekennen. Der Landesvorstand wird aufgefordert, auf Basis des Wahlkampfkonzeptes einen konkreten Rahmen f\u00fcr die einzelnen Wahlkampfaktivit\u00e4ten vorzugeben. Falls eine Wahlkampfkommission oder ein anderes f\u00fcr den Wahlkampf zust\u00e4ndiges Gremium gebildet wird, ist dieses Gremium bei der&#8230;<\/p>\n","protected":false},"author":139,"featured_media":0,"comment_status":"closed","ping_status":"closed","sticky":false,"template":"","format":"standard","meta":{"footnotes":""},"categories":[3],"tags":[239],"class_list":["post-9977","post","type-post","status-publish","format-standard","hentry","category-beschluesse","tag-lmv-beschluesse"],"_links":{"self":[{"href":"https:\/\/wordpress44.gcms.verdigado.net\/alteseite\/wp-json\/wp\/v2\/posts\/9977","targetHints":{"allow":["GET"]}}],"collection":[{"href":"https:\/\/wordpress44.gcms.verdigado.net\/alteseite\/wp-json\/wp\/v2\/posts"}],"about":[{"href":"https:\/\/wordpress44.gcms.verdigado.net\/alteseite\/wp-json\/wp\/v2\/types\/post"}],"author":[{"embeddable":true,"href":"https:\/\/wordpress44.gcms.verdigado.net\/alteseite\/wp-json\/wp\/v2\/users\/139"}],"replies":[{"embeddable":true,"href":"https:\/\/wordpress44.gcms.verdigado.net\/alteseite\/wp-json\/wp\/v2\/comments?post=9977"}],"version-history":[{"count":1,"href":"https:\/\/wordpress44.gcms.verdigado.net\/alteseite\/wp-json\/wp\/v2\/posts\/9977\/revisions"}],"predecessor-version":[{"id":9978,"href":"https:\/\/wordpress44.gcms.verdigado.net\/alteseite\/wp-json\/wp\/v2\/posts\/9977\/revisions\/9978"}],"wp:attachment":[{"href":"https:\/\/wordpress44.gcms.verdigado.net\/alteseite\/wp-json\/wp\/v2\/media?parent=9977"}],"wp:term":[{"taxonomy":"category","embeddable":true,"href":"https:\/\/wordpress44.gcms.verdigado.net\/alteseite\/wp-json\/wp\/v2\/categories?post=9977"},{"taxonomy":"post_tag","embeddable":true,"href":"https:\/\/wordpress44.gcms.verdigado.net\/alteseite\/wp-json\/wp\/v2\/tags?post=9977"}],"curies":[{"name":"wp","href":"https:\/\/api.w.org\/{rel}","templated":true}]}}