{"id":9634,"date":"2022-06-29T17:06:16","date_gmt":"2022-06-29T15:06:16","guid":{"rendered":"https:\/\/gruene-bremen.de\/?p=9634"},"modified":"2022-06-29T17:06:16","modified_gmt":"2022-06-29T15:06:16","slug":"neues-gesamtkonzept-rot-gruen-rot-staerkt-inklusion-an-schulen","status":"publish","type":"post","link":"https:\/\/wordpress44.gcms.verdigado.net\/alteseite\/neues-gesamtkonzept-rot-gruen-rot-staerkt-inklusion-an-schulen\/","title":{"rendered":"Neues Gesamtkonzept: Rot-gr\u00fcn-rot st\u00e4rkt Inklusion an Schulen"},"content":{"rendered":"<p>Sch\u00fcler*innen mit schweren sozial-emotionalen Problemlagen sollen ab dem kommenden Schuljahr verst\u00e4rkt in den Regionalen Beratungs- und Unterst\u00fctzungszentren (ReBUZ) betreut werden. Das geht aus einer Vorlage f\u00fcr die heutige Bildungsdeputation hervor. So ist vorgesehen, die Bildungsabteilungen der bestehenden ReBUZ auszubauen, um damit schrittweise die Betreuung im F\u00f6rderzentrum an der Fritz-Gansberg-Stra\u00dfe abzul\u00f6sen. Der bildungspolitische Sprecher der GR\u00dcNEN, Christopher Hupe, erkl\u00e4rt dazu: \u201eDas Gesamtkonzept ist gut, weil es alle Sch\u00fcler*innen mit sozial-emotionalen F\u00f6rderbedarfen in den Blick nimmt und nicht nur den kleinen Teil dieser Sch\u00fcler*innen, welche aktuell das F\u00f6rderzentrum an der Fritz-Gansberg-Stra\u00dfe besuchen. Unser Ziel ist es im Rahmen der schulischen Inklusion, allen Kindern die Chance auf Teilhabe am Unterricht in einer Regelschule zu erm\u00f6glichen. Sch\u00fcler*innen mit sozial-emotionalen Problemlagen brauchen daf\u00fcr aber individuelle Unterst\u00fctzung und die M\u00f6glichkeit, stundenweise oder auch f\u00fcr einen l\u00e4ngeren Zeitraum au\u00dferhalb des Regelunterrichts stabilisiert und gef\u00f6rdert zu werden. Das Konzept mit den drei Handlungsebenen in Schulen und einer vierten Ebene durch den Ausbau der intensivp\u00e4dagogischen Angebote an den vier ReBUZ wird diesem Anspruch gerecht und und st\u00e4rkt insgesamt die Inklusion an Schulen.\u201c<\/p>\n<p>Der Weg der Sch\u00fcler*innen zur\u00fcck in die jeweilige Stammschule und den Regelunterricht soll weiter offen bleiben. Geplant ist, die Expertise im Kollegium der Fritz-Gansberg-Stra\u00dfe zu erhalten und einen flexiblen mobilen Dienst zur Unterst\u00fctzung der Regel-Schulen aufzubauen. Christopher Hupe betont: \u201eVon der Senatorin f\u00fcr Kinder und Bildung erwarte ich nun, dass die Umsetzung des Konzepts ab dem kommenden Schuljahr mit gr\u00f6\u00dfter Anstrengung vorangetrieben wird, um den ambitionierten Zeitplan bis zur vollst\u00e4ndigen Umsetzung zum Schuljahr 2024\/25 einhalten zu k\u00f6nnen.\u201c<\/p>\n<p>Das F\u00f6rderzentrum der Schule an der Fritz-Gansberg-Stra\u00dfe ist nach dem Beschluss zur Inklusion die letzte verbliebene F\u00f6rderschule. Es soll zum Sommer 2024 geschlossen werden. So sieht es das Schulgesetz vor.<\/p>\n","protected":false},"excerpt":{"rendered":"<p>Sch\u00fcler*innen mit schweren sozial-emotionalen Problemlagen sollen ab dem kommenden Schuljahr verst\u00e4rkt in den Regionalen Beratungs- und Unterst\u00fctzungszentren (ReBUZ) betreut werden. Das geht aus einer Vorlage f\u00fcr die heutige Bildungsdeputation hervor. So ist vorgesehen, die Bildungsabteilungen der bestehenden ReBUZ auszubauen, um damit schrittweise die Betreuung im F\u00f6rderzentrum an der Fritz-Gansberg-Stra\u00dfe abzul\u00f6sen. Der bildungspolitische Sprecher der GR\u00dcNEN,&#8230;<\/p>\n","protected":false},"author":144,"featured_media":0,"comment_status":"closed","ping_status":"closed","sticky":false,"template":"","format":"chat","meta":{"footnotes":""},"categories":[2,6],"tags":[18],"class_list":["post-9634","post","type-post","status-publish","format-chat","hentry","category-aktuelles","category-presse","tag-bildungspolitik","post_format-post-format-chat"],"_links":{"self":[{"href":"https:\/\/wordpress44.gcms.verdigado.net\/alteseite\/wp-json\/wp\/v2\/posts\/9634","targetHints":{"allow":["GET"]}}],"collection":[{"href":"https:\/\/wordpress44.gcms.verdigado.net\/alteseite\/wp-json\/wp\/v2\/posts"}],"about":[{"href":"https:\/\/wordpress44.gcms.verdigado.net\/alteseite\/wp-json\/wp\/v2\/types\/post"}],"author":[{"embeddable":true,"href":"https:\/\/wordpress44.gcms.verdigado.net\/alteseite\/wp-json\/wp\/v2\/users\/144"}],"replies":[{"embeddable":true,"href":"https:\/\/wordpress44.gcms.verdigado.net\/alteseite\/wp-json\/wp\/v2\/comments?post=9634"}],"version-history":[{"count":1,"href":"https:\/\/wordpress44.gcms.verdigado.net\/alteseite\/wp-json\/wp\/v2\/posts\/9634\/revisions"}],"predecessor-version":[{"id":9635,"href":"https:\/\/wordpress44.gcms.verdigado.net\/alteseite\/wp-json\/wp\/v2\/posts\/9634\/revisions\/9635"}],"wp:attachment":[{"href":"https:\/\/wordpress44.gcms.verdigado.net\/alteseite\/wp-json\/wp\/v2\/media?parent=9634"}],"wp:term":[{"taxonomy":"category","embeddable":true,"href":"https:\/\/wordpress44.gcms.verdigado.net\/alteseite\/wp-json\/wp\/v2\/categories?post=9634"},{"taxonomy":"post_tag","embeddable":true,"href":"https:\/\/wordpress44.gcms.verdigado.net\/alteseite\/wp-json\/wp\/v2\/tags?post=9634"}],"curies":[{"name":"wp","href":"https:\/\/api.w.org\/{rel}","templated":true}]}}