{"id":9587,"date":"2022-06-17T15:22:16","date_gmt":"2022-06-17T13:22:16","guid":{"rendered":"https:\/\/gruene-bremen.de\/?p=9587"},"modified":"2022-06-17T15:22:16","modified_gmt":"2022-06-17T13:22:16","slug":"verdachtsfall-afd-konsequenter-schritt-zum-schutz-der-demokratie","status":"publish","type":"post","link":"https:\/\/wordpress44.gcms.verdigado.net\/alteseite\/verdachtsfall-afd-konsequenter-schritt-zum-schutz-der-demokratie\/","title":{"rendered":"Verdachtsfall AfD: Konsequenter Schritt zum Schutz der Demokratie"},"content":{"rendered":"<p>Das Landesamt f\u00fcr Verfassungsschutz stuft die <strong>Bremer AfD in G\u00e4nze als Verdachtsfall ein<\/strong>, weil offenbar <strong>ausreichende Anhaltspunkte<\/strong> f\u00fcr verfassungsfeindliche Bestrebungen bestehen. Die Gr\u00fcnen-Fraktion bewertet das als richtigen Schritt zur Verteidigung unserer Demokratie. Dazu erkl\u00e4rt der <strong>Fraktionsvorsitzende Bj\u00f6rn Fecker:<\/strong> \u201eDie Beobachtung der Bremer AfD durch den Verfassungsschutz ist ein konsequenter Schritt des Rechtsstaates. Das erm\u00f6glicht, das Gefahrenpotenzial der AfD f\u00fcr unsere Demokratie noch fundierter beurteilen zu k\u00f6nnen. Der b\u00fcrgerliche Deckmantel, den sich die Partei immer geben wollte, ist damit obsolet. <strong>Die AfD ist ein Verst\u00e4rker f\u00fcr demokratiefeindliche und antisemitische Str\u00f6mungen<\/strong>.\u201c<\/p>\n<p><strong>Kai Wargalla, Sprecherin f\u00fcr Strategien gegen Rechtsextremismus, betont:<\/strong> \u201eDie Einstufung der AfD als Verdachtsfall ist die logische Folge ihres demokratie- und menschenfeindlichen Gefahrenpotenzials. Auch wenn die Bremer AfD vor allem durch interne Streitereien auff\u00e4llt und ihre B\u00fcrgerschaftsabgeordneten allesamt Totalausf\u00e4lle sind, die au\u00dfer ein paar Sinnlos-Antr\u00e4gen nichts zustande bringen, ist es wichtig, dass der Verfassungsschutz genau hinschaut. Als Zivilgesellschaft in Bremen und Bremerhaven d\u00fcrfen wir uns aber nicht allein auf den Verfassungsschutz verlassen, sondern wir m\u00fcssen uns selbst immer wieder sch\u00fctzend vor die Demokratie und gegen rechte Hetze und Gewalt stellen. Die Menschen in Bremen und Bremerhaven k\u00f6nnen <strong>n\u00e4chstes Jahr au\u00dferdem ein klares Zeichen setzen, indem sie die AfD aus der Bremischen B\u00fcrgerschaft rausw\u00e4hlen.<\/strong>\u201c<\/p>\n","protected":false},"excerpt":{"rendered":"<p>Das Landesamt f\u00fcr Verfassungsschutz stuft die Bremer AfD in G\u00e4nze als Verdachtsfall ein, weil offenbar ausreichende Anhaltspunkte f\u00fcr verfassungsfeindliche Bestrebungen bestehen. Die Gr\u00fcnen-Fraktion bewertet das als richtigen Schritt zur Verteidigung unserer Demokratie. Dazu erkl\u00e4rt der Fraktionsvorsitzende Bj\u00f6rn Fecker: \u201eDie Beobachtung der Bremer AfD durch den Verfassungsschutz ist ein konsequenter Schritt des Rechtsstaates. Das erm\u00f6glicht, das&#8230;<\/p>\n","protected":false},"author":144,"featured_media":0,"comment_status":"closed","ping_status":"closed","sticky":false,"template":"","format":"chat","meta":{"footnotes":""},"categories":[2,6],"tags":[28],"class_list":["post-9587","post","type-post","status-publish","format-chat","hentry","category-aktuelles","category-presse","tag-demokratie","post_format-post-format-chat"],"_links":{"self":[{"href":"https:\/\/wordpress44.gcms.verdigado.net\/alteseite\/wp-json\/wp\/v2\/posts\/9587","targetHints":{"allow":["GET"]}}],"collection":[{"href":"https:\/\/wordpress44.gcms.verdigado.net\/alteseite\/wp-json\/wp\/v2\/posts"}],"about":[{"href":"https:\/\/wordpress44.gcms.verdigado.net\/alteseite\/wp-json\/wp\/v2\/types\/post"}],"author":[{"embeddable":true,"href":"https:\/\/wordpress44.gcms.verdigado.net\/alteseite\/wp-json\/wp\/v2\/users\/144"}],"replies":[{"embeddable":true,"href":"https:\/\/wordpress44.gcms.verdigado.net\/alteseite\/wp-json\/wp\/v2\/comments?post=9587"}],"version-history":[{"count":1,"href":"https:\/\/wordpress44.gcms.verdigado.net\/alteseite\/wp-json\/wp\/v2\/posts\/9587\/revisions"}],"predecessor-version":[{"id":9588,"href":"https:\/\/wordpress44.gcms.verdigado.net\/alteseite\/wp-json\/wp\/v2\/posts\/9587\/revisions\/9588"}],"wp:attachment":[{"href":"https:\/\/wordpress44.gcms.verdigado.net\/alteseite\/wp-json\/wp\/v2\/media?parent=9587"}],"wp:term":[{"taxonomy":"category","embeddable":true,"href":"https:\/\/wordpress44.gcms.verdigado.net\/alteseite\/wp-json\/wp\/v2\/categories?post=9587"},{"taxonomy":"post_tag","embeddable":true,"href":"https:\/\/wordpress44.gcms.verdigado.net\/alteseite\/wp-json\/wp\/v2\/tags?post=9587"}],"curies":[{"name":"wp","href":"https:\/\/api.w.org\/{rel}","templated":true}]}}