{"id":9480,"date":"2022-06-01T13:15:43","date_gmt":"2022-06-01T11:15:43","guid":{"rendered":"https:\/\/gruene-bremen.de\/?p=9480"},"modified":"2022-06-01T13:15:43","modified_gmt":"2022-06-01T11:15:43","slug":"bremer-regierungsfraktionen-staerken-inklusion-in-kitas","status":"publish","type":"post","link":"https:\/\/wordpress44.gcms.verdigado.net\/alteseite\/bremer-regierungsfraktionen-staerken-inklusion-in-kitas\/","title":{"rendered":"Bremer Regierungsfraktionen st\u00e4rken Inklusion in Kitas"},"content":{"rendered":"<div dir=\"ltr\">\n<div dir=\"ltr\">Das Bremer Regierungsb\u00fcndnis will die Inklusion in den Bremer Kindertageseinrichtungen weiter verbessern. In einem ersten Schritt hat die Koalition daf\u00fcr im <strong>laufenden Haushalt 2022\/23 f\u00fcr Schwerpunkteinrichtungen die Mittel um 1,5 Millionen Euro erh\u00f6ht.<\/strong> Die Schwerpunkteinrichtungen sind auf Kinder mit festgestelltem F\u00f6rderbedarf spezialisiert und erhalten daf\u00fcr eine h\u00f6here Personal- und Mittelausstattung. F\u00fcr den bedarfsgerechten Einsatz der zus\u00e4tzlichen Personalressourcen erwarten die Regierungsfraktionen vor Beginn des neuen Kindergartenjahres <strong>ab August einen Vorschlag vom Senat<\/strong>. Einen entsprechenden Antrag haben GR\u00dcNE, SPD und DIE LINKE nun ins Parlament eingebracht. Angesichts der Zunahme an Inklusionskindern in den vergangenen Jahren und des Fachkr\u00e4ftemangels erwarten die Regierungsfraktionen dar\u00fcber hinaus vom Senat einen Stufenplan zur Weiterentwicklung des Systems zur Inklusion von Kindern mit besonderem F\u00f6rderbedarf, der auch den realistischen Mehrbedarf an Fachkr\u00e4ften abbildet. Nicht zuletzt soll der Senat mit einem bedarfsgerechten Qualifizierungsplan durch Aus- und Fortbildung f\u00fcr die ben\u00f6tigten Fachkr\u00e4fte sorgen.<\/p>\n<p><strong>Solveig Eschen (B\u00fcndnis 90\/DIE GR\u00dcNEN): \u201eInklusion in Kitas besser ausstatten\u201c<\/strong><br \/>\n\u201eInklusion ist ein Menschenrecht! Der Inklusionsanspruch gilt selbstverst\u00e4ndlich auch f\u00fcr die Kindertagesbetreuung. Das gelingt aber nur, wenn die Rahmenbedingungen stimmen. Daf\u00fcr wollen wir das unter Druck geratene System der Inklusion in den Kitas schnellstm\u00f6glich wieder besser ausstatten\u201c, erl\u00e4utert Solveig Eschen, kinderpolitische Sprecherin der Gr\u00fcnen-Fraktion, die Initiative. \u201eIm anstehenden Kita-Jahr wird von unserer Koalition mit den zus\u00e4tzlichen 1,5 Millionen Euro der Grundstein daf\u00fcr gelegt. Wichtige Aufgabe der n\u00e4chsten Jahre wird es sein, in realistischen Stufen den ben\u00f6tigten Aufwuchs und Fachkr\u00e4ftebedarf zu stemmen. Hier muss der Senat z\u00fcgig handeln\u201c, bekr\u00e4ftigt Solveig Eschen.<\/p>\n<p><strong>Petra Kr\u00fcmpfer (SPD): \u201eKinder m\u00fcssen die F\u00f6rderung erhalten, die sie brauchen\u201c<\/strong><br \/>\n\u201eWir wollen eine gute Bildung von Anfang an. Und wir wollen gerechte Chancen f\u00fcr alle Kinder\u201c, betont Petra Kr\u00fcmpfer, Sprecherin f\u00fcr Kinder und Jugend der SPD-Fraktion. \u201eDas hei\u00dft nat\u00fcrlich auch, dass diejenigen Kinder mit einem F\u00f6rderbedarf auch die F\u00f6rderung erhalten, die sie brauchen. Die bisherige personelle Ausstattung hat die inzwischen erheblich anwachsende Anzahl von Kindern mit einem F\u00f6rderbedarf nicht ann\u00e4hernd gedeckt. Deshalb haben wir als Koalition jetzt 1,5 Millionen Euro zus\u00e4tzlich im Haushalt bereitgestellt. Diese St\u00e4rkung der Schwerpunktgruppen ist ein guter erster Schritt. In unserem Antrag schaffen wir nun die Basis, um das System weiterzuentwickeln und den Bedarf an ben\u00f6tigten Fachkr\u00e4ften zu decken.\u201c<\/p>\n<p><strong>Sofia Leonidakis (LINKE): \u201eSchwerpunkteinrichtungen nur erster Schritt zur Inklusion in Kitas\u201c<\/strong><\/p>\n<div>\u201eIm Jahr 2008 wurden stadtweit 41 so genannten Schwerpunkteinrichtungen definiert, in denen Kinder mit F\u00f6rderbedarf betreut werden k\u00f6nnen. Seitdem hat sich die Zahl dieser Kinder in den Kitas fast verdreifacht, von 742 auf 2184. Die Ausstattung ist bisher nicht analog zu dieser Zunahme angestiegen\u201c, so Sofia Leonidakis, Vorsitzende und kinderpolitische Sprecherin der Fraktion DIE LINKE. Viele Kinder mit F\u00f6rderbedarf werden inzwischen auch in anderen Kitas als den Schwerpunkteinrichtungen betreut. \u201eWegen der steigenden F\u00f6rderbedarfe bei Kita-Kindern haben wir uns daf\u00fcr stark gemacht, dass durch einen \u00c4nderungsantrag der Koalitionsfraktionen 1,5 Millionen Euro zus\u00e4tzlich in den Haushalt eingestellt wurden, um die Inklusion in den Kitas zu verbessern. Eins ist dabei klar: Das kann angesichts steigender Bedarfe nur ein Anfang sein\u201c, so Leonidakis abschlie\u00dfend.<\/div>\n<div><\/div>\n<\/div>\n<\/div>\n","protected":false},"excerpt":{"rendered":"<p>Das Bremer Regierungsb\u00fcndnis will die Inklusion in den Bremer Kindertageseinrichtungen weiter verbessern. In einem ersten Schritt hat die Koalition daf\u00fcr im laufenden Haushalt 2022\/23 f\u00fcr Schwerpunkteinrichtungen die Mittel um 1,5 Millionen Euro erh\u00f6ht. Die Schwerpunkteinrichtungen sind auf Kinder mit festgestelltem F\u00f6rderbedarf spezialisiert und erhalten daf\u00fcr eine h\u00f6here Personal- und Mittelausstattung. F\u00fcr den bedarfsgerechten Einsatz der&#8230;<\/p>\n","protected":false},"author":144,"featured_media":0,"comment_status":"closed","ping_status":"closed","sticky":false,"template":"","format":"chat","meta":{"footnotes":""},"categories":[2,6],"tags":[57],"class_list":["post-9480","post","type-post","status-publish","format-chat","hentry","category-aktuelles","category-presse","tag-kinder","post_format-post-format-chat"],"_links":{"self":[{"href":"https:\/\/wordpress44.gcms.verdigado.net\/alteseite\/wp-json\/wp\/v2\/posts\/9480","targetHints":{"allow":["GET"]}}],"collection":[{"href":"https:\/\/wordpress44.gcms.verdigado.net\/alteseite\/wp-json\/wp\/v2\/posts"}],"about":[{"href":"https:\/\/wordpress44.gcms.verdigado.net\/alteseite\/wp-json\/wp\/v2\/types\/post"}],"author":[{"embeddable":true,"href":"https:\/\/wordpress44.gcms.verdigado.net\/alteseite\/wp-json\/wp\/v2\/users\/144"}],"replies":[{"embeddable":true,"href":"https:\/\/wordpress44.gcms.verdigado.net\/alteseite\/wp-json\/wp\/v2\/comments?post=9480"}],"version-history":[{"count":1,"href":"https:\/\/wordpress44.gcms.verdigado.net\/alteseite\/wp-json\/wp\/v2\/posts\/9480\/revisions"}],"predecessor-version":[{"id":9481,"href":"https:\/\/wordpress44.gcms.verdigado.net\/alteseite\/wp-json\/wp\/v2\/posts\/9480\/revisions\/9481"}],"wp:attachment":[{"href":"https:\/\/wordpress44.gcms.verdigado.net\/alteseite\/wp-json\/wp\/v2\/media?parent=9480"}],"wp:term":[{"taxonomy":"category","embeddable":true,"href":"https:\/\/wordpress44.gcms.verdigado.net\/alteseite\/wp-json\/wp\/v2\/categories?post=9480"},{"taxonomy":"post_tag","embeddable":true,"href":"https:\/\/wordpress44.gcms.verdigado.net\/alteseite\/wp-json\/wp\/v2\/tags?post=9480"}],"curies":[{"name":"wp","href":"https:\/\/api.w.org\/{rel}","templated":true}]}}