{"id":9418,"date":"2022-05-20T11:33:27","date_gmt":"2022-05-20T09:33:27","guid":{"rendered":"https:\/\/gruene-bremen.de\/?p=9418"},"modified":"2022-05-20T16:52:26","modified_gmt":"2022-05-20T14:52:26","slug":"lag-queer-zum-latzel-prozess","status":"publish","type":"post","link":"https:\/\/wordpress44.gcms.verdigado.net\/alteseite\/lag-queer-zum-latzel-prozess\/","title":{"rendered":"Reaktion der LAG Queer zum Freispruch von Olaf Latzel"},"content":{"rendered":"<p>Die <a href=\"https:\/\/gruene-bremen.de\/gliederung\/lag-queer\/\" target=\"_blank\" rel=\"noopener\">Landesarbeitsgemeinschaft (LAG) Queer der GR\u00dcNEN Bremen<\/a> betrachtet das Urteil um Pastor Olaf Latzel mit Unverst\u00e4ndnis und Sorge. Das Amtsgericht Bremen hatte Latzel wegen Volksverhetzung zu einer Freiheitsstrafe verurteilt, die in eine Geldstrafe umgewandelt wurde. Nun hat das <a href=\"https:\/\/www.butenunbinnen.de\/nachrichten\/urteil-prozess-volksverhetzung-bremer-pastor-latzel-102.html\" target=\"_blank\" rel=\"noopener\">Landgericht im Berufungsverfahren den Pastor der St.-Martini-Gemeinde freigesprochen.<\/a> Das Landgericht sah den Tatbestand der Volksverhetzung durch Latzels \u00c4u\u00dferungen nicht gegeben.<\/p>\n<p>Olaf Latzel hatte in einem Eheseminar <a href=\"https:\/\/www.weser-kurier.de\/bremen\/volksverhetzung-die-umstrittenen-aeusserungen-von-pastor-latzel-doc7e4j404xokl1g2ac31sc\" target=\"_blank\" rel=\"noopener\">umstrittene Aussagen get\u00e4tigt<\/a>, er bezeichnete z.B. Homosexualit\u00e4t als &#8222;Degenerationsform von Gesellschaft&#8220; und sprach von &#8222;Gender-Dreck\u201d.<\/p>\n<p>Im Vorfeld hatten Menschen vor dem Landgericht demonstriert, auch Mitglieder der LAG Queer waren unterst\u00fctzend anwesend. Sie sind entt\u00e4uscht davon, dass solche verletzenden \u00c4u\u00dferungen nun durch den Freispruch legitimiert werden. Dies \u00f6ffnet T\u00fcr und Tor auch in Zukunft Lebensweisen, die vom klassischen Frauen- und M\u00e4nnerbild abweichen herabzustufen.<\/p>\n<p><strong>Rafael Schyska, Sprecher der LAG Queer:<\/strong> \u201cEs ist kein guter Tag f\u00fcr unsere Queere Community. Durch den Freispruch wird Hass und Hetze gegen Queere Menschen im Namen der Religion legitimiert. Wir als LAG QueerGr\u00fcn werden immer f\u00fcr eine offene, vielf\u00e4ltige und Queere Gesellschaft k\u00e4mpfen!\u201c<\/p>\n<p><strong>Maike-Sophie Mittelst\u00e4dt, Mitglied der LAG Queer und Landesvorstandsmitglied<\/strong>: \u201cIch bin entt\u00e4uscht, dass wir hier in Bremen erleben m\u00fcssen, wie die Abw\u00e4gung zwischen der Religionsfreiheit und den Rechten queerer Menschen zugunsten einer diskriminierenden Auslegung der Religion entschieden wurde.\u201d<\/p>\n<p><strong>Kai Wargalla, queerpolitische Sprecherin der GR\u00dcNEN-Fraktion und Mitglied der LAG Queer<\/strong>: \u201cNur, weil Pastor Latzel heute vom Bremer Landgericht freigesprochen wurde, hei\u00dft es nicht, dass seine Worte ohne Konsequenzen bleiben sollten. Religionsfreiheit darf kein Freifahrtsschein sein f\u00fcr Diskriminierung und Hass. Die Bremische Evangelische Kirche t\u00e4te gut daran, jetzt endlich das kircheninterne Disziplinarverfahren einzuleiten und Konsequenzen zu ziehen.\u201d<\/p>\n","protected":false},"excerpt":{"rendered":"<p>Die Landesarbeitsgemeinschaft (LAG) Queer der GR\u00dcNEN Bremen betrachtet das Urteil um Pastor Olaf Latzel mit Unverst\u00e4ndnis und zeigen sich entt\u00e4uscht. Das Landgericht hat im Berufungsverfahren den Pastor der St.-Martini-Gemeinde freigesprochen.<\/p>\n","protected":false},"author":144,"featured_media":9432,"comment_status":"closed","ping_status":"closed","sticky":false,"template":"","format":"standard","meta":{"footnotes":""},"categories":[2,184,6],"tags":[80],"class_list":["post-9418","post","type-post","status-publish","format-standard","has-post-thumbnail","hentry","category-aktuelles","category-instagram","category-presse","tag-queerpolitik"],"_links":{"self":[{"href":"https:\/\/wordpress44.gcms.verdigado.net\/alteseite\/wp-json\/wp\/v2\/posts\/9418","targetHints":{"allow":["GET"]}}],"collection":[{"href":"https:\/\/wordpress44.gcms.verdigado.net\/alteseite\/wp-json\/wp\/v2\/posts"}],"about":[{"href":"https:\/\/wordpress44.gcms.verdigado.net\/alteseite\/wp-json\/wp\/v2\/types\/post"}],"author":[{"embeddable":true,"href":"https:\/\/wordpress44.gcms.verdigado.net\/alteseite\/wp-json\/wp\/v2\/users\/144"}],"replies":[{"embeddable":true,"href":"https:\/\/wordpress44.gcms.verdigado.net\/alteseite\/wp-json\/wp\/v2\/comments?post=9418"}],"version-history":[{"count":7,"href":"https:\/\/wordpress44.gcms.verdigado.net\/alteseite\/wp-json\/wp\/v2\/posts\/9418\/revisions"}],"predecessor-version":[{"id":9431,"href":"https:\/\/wordpress44.gcms.verdigado.net\/alteseite\/wp-json\/wp\/v2\/posts\/9418\/revisions\/9431"}],"wp:featuredmedia":[{"embeddable":true,"href":"https:\/\/wordpress44.gcms.verdigado.net\/alteseite\/wp-json\/wp\/v2\/media\/9432"}],"wp:attachment":[{"href":"https:\/\/wordpress44.gcms.verdigado.net\/alteseite\/wp-json\/wp\/v2\/media?parent=9418"}],"wp:term":[{"taxonomy":"category","embeddable":true,"href":"https:\/\/wordpress44.gcms.verdigado.net\/alteseite\/wp-json\/wp\/v2\/categories?post=9418"},{"taxonomy":"post_tag","embeddable":true,"href":"https:\/\/wordpress44.gcms.verdigado.net\/alteseite\/wp-json\/wp\/v2\/tags?post=9418"}],"curies":[{"name":"wp","href":"https:\/\/api.w.org\/{rel}","templated":true}]}}