{"id":9281,"date":"2022-05-04T15:42:25","date_gmt":"2022-05-04T13:42:25","guid":{"rendered":"https:\/\/gruene-bremen.de\/?p=9281"},"modified":"2022-05-04T15:42:25","modified_gmt":"2022-05-04T13:42:25","slug":"gruene-fordern-mehr-verkehrssicherheit-vor-kitas-und-schulen","status":"publish","type":"post","link":"https:\/\/wordpress44.gcms.verdigado.net\/alteseite\/gruene-fordern-mehr-verkehrssicherheit-vor-kitas-und-schulen\/","title":{"rendered":"Gr\u00fcne fordern mehr Verkehrssicherheit vor Kitas und Schulen"},"content":{"rendered":"<p>Zahlreiche Schulen und Kitas in Bremen beklagen sich \u00fcber un\u00fcbersichtliche oder gef\u00e4hrliche Situationen, die aufgrund der <strong>Vielzahl von Elterntaxis<\/strong> vor Bildungseinrichtungen und Kindertagesst\u00e4tten entstehen. Das geht aus einem Bericht hervor, den die GR\u00dcNEN f\u00fcr die Sitzung der Bildungsdeputation vom Mittwoch angefordert hatten. Dadurch, dass Eltern ihre Kinder mit dem Auto bis unmittelbar vor das Schulgeb\u00e4ude fahren, k\u00f6nnen Hindernisse und Gefahren f\u00fcr alle Kinder entstehen. <strong>Christopher Hupe, bildungspolitischer Sprecher der GR\u00dcNEN-Fraktion betont:<\/strong> \u201eDie Zust\u00e4nde vor einigen Einrichtungen sind untragbar. Zum Schutz der Kinder brauchen wir dringend mehr Verkehrssicherheit vor Kitas und Schulen. Dazu geh\u00f6rt, dass die Kinder m\u00f6glichst zu <strong>Fu\u00df, mit Fahrrad oder Tretroller<\/strong> zur Schule kommen und nicht im Elterntaxi. Dar\u00fcber hinaus brauchen wir weitere Schutzma\u00dfnahmen. Die \u00dcbersicht \u00fcber die W\u00fcnsche der Schulen und Kitas zu baulichen und organisatorischen Ver\u00e4nderungen ist dabei besonders wertvoll.\u201c<\/p>\n<p>Auf Initiative der GR\u00dcNEN hatte die Regierungskoalition bereits <strong>Tempo 30 vor Schulen, Kitas und Pflegeeinrichtungen beschlossen<\/strong>. Christopher Hupe weiter: \u201eNach der Einf\u00fchrung von Tempo 30 vor den meisten Einrichtungen gilt es nun, Gefahrenstellen im Umfeld der Schulen und Kitas weiter zu entsch\u00e4rfen. Ich erwarte daher vom Senat, dass die W\u00fcnsche und Anregungen der Einrichtungen z\u00fcgig aufgegriffen, gepr\u00fcft und nach Dringlichkeit geordnet umgesetzt werden.\u201c<\/p>\n","protected":false},"excerpt":{"rendered":"<p>Zahlreiche Schulen und Kitas in Bremen beklagen sich \u00fcber un\u00fcbersichtliche oder gef\u00e4hrliche Situationen, die aufgrund der Vielzahl von Elterntaxis vor Bildungseinrichtungen und Kindertagesst\u00e4tten entstehen. Das geht aus einem Bericht hervor, den die GR\u00dcNEN f\u00fcr die Sitzung der Bildungsdeputation vom Mittwoch angefordert hatten. Dadurch, dass Eltern ihre Kinder mit dem Auto bis unmittelbar vor das Schulgeb\u00e4ude&#8230;<\/p>\n","protected":false},"author":144,"featured_media":0,"comment_status":"closed","ping_status":"closed","sticky":false,"template":"","format":"chat","meta":{"footnotes":""},"categories":[2,6],"tags":[18],"class_list":["post-9281","post","type-post","status-publish","format-chat","hentry","category-aktuelles","category-presse","tag-bildungspolitik","post_format-post-format-chat"],"_links":{"self":[{"href":"https:\/\/wordpress44.gcms.verdigado.net\/alteseite\/wp-json\/wp\/v2\/posts\/9281","targetHints":{"allow":["GET"]}}],"collection":[{"href":"https:\/\/wordpress44.gcms.verdigado.net\/alteseite\/wp-json\/wp\/v2\/posts"}],"about":[{"href":"https:\/\/wordpress44.gcms.verdigado.net\/alteseite\/wp-json\/wp\/v2\/types\/post"}],"author":[{"embeddable":true,"href":"https:\/\/wordpress44.gcms.verdigado.net\/alteseite\/wp-json\/wp\/v2\/users\/144"}],"replies":[{"embeddable":true,"href":"https:\/\/wordpress44.gcms.verdigado.net\/alteseite\/wp-json\/wp\/v2\/comments?post=9281"}],"version-history":[{"count":1,"href":"https:\/\/wordpress44.gcms.verdigado.net\/alteseite\/wp-json\/wp\/v2\/posts\/9281\/revisions"}],"predecessor-version":[{"id":9282,"href":"https:\/\/wordpress44.gcms.verdigado.net\/alteseite\/wp-json\/wp\/v2\/posts\/9281\/revisions\/9282"}],"wp:attachment":[{"href":"https:\/\/wordpress44.gcms.verdigado.net\/alteseite\/wp-json\/wp\/v2\/media?parent=9281"}],"wp:term":[{"taxonomy":"category","embeddable":true,"href":"https:\/\/wordpress44.gcms.verdigado.net\/alteseite\/wp-json\/wp\/v2\/categories?post=9281"},{"taxonomy":"post_tag","embeddable":true,"href":"https:\/\/wordpress44.gcms.verdigado.net\/alteseite\/wp-json\/wp\/v2\/tags?post=9281"}],"curies":[{"name":"wp","href":"https:\/\/api.w.org\/{rel}","templated":true}]}}