{"id":8858,"date":"2022-03-04T11:40:00","date_gmt":"2022-03-04T10:40:00","guid":{"rendered":"https:\/\/gruene-bremen.de\/?p=8858"},"modified":"2022-03-04T11:40:13","modified_gmt":"2022-03-04T10:40:13","slug":"quarantaene-regeln-fuer-gesunde-kinder-aufheben","status":"publish","type":"post","link":"https:\/\/wordpress44.gcms.verdigado.net\/alteseite\/quarantaene-regeln-fuer-gesunde-kinder-aufheben\/","title":{"rendered":"Quarant\u00e4ne-Regeln f\u00fcr gesunde Kinder aufheben"},"content":{"rendered":"<p>Ein Schritt in die richtige Richtung, aber punktuell noch zu weitgehend \u2013 so bewertet die Gr\u00fcnen-Fraktion den Vorsto\u00df von Bildungssenatorin Aulepp, die Quarant\u00e4ne-Regeln f\u00fcr Kinder und Jugendliche aufzuheben. Bei infizierten Kindern halten die Gr\u00fcnen verbindliche Regeln statt Freiwilligkeit weiterhin f\u00fcr n\u00f6tig. F\u00fcr nicht infizierte Kinder hingegen die Quarant\u00e4ne-Regeln aufzuheben, ist auch aus Sicht der Gr\u00fcnen-Fraktion sinnvoll.<\/p>\n<p>Die gesundheitspolitische Sprecherin Ilona Osterkamp-Weber lehnt eine zu weitgehende Lockerung von Regeln f\u00fcr erkrankte Kinder ab: \u201eMit Corona infizierte Kinder geh\u00f6ren bis zur Freitestung weiterhin in Quarant\u00e4ne. Angesichts der Infektionslage sehen wir da noch keine M\u00f6glichkeit, das in die freiwillige Entscheidung der Familien zu geben. Wir haben auch eine Verantwortung f\u00fcr den Gesundheitsschutz der Besch\u00e4ftigten in den Kitas und Schulen. Deshalb muss verbindlich geregelt bleiben, dass infizierte Kinder und Jugendliche zuhause bleiben und nicht die Kitas oder Schulen besuchen.\u201c<\/p>\n<p>Offen sind die Gr\u00fcnen hingegen f\u00fcr Lockerungen bei den Quarant\u00e4ne-Regeln, betont die kinderpolitische Sprecherin Solveig Eschen. Sie fordert, auch die Regeln z.B. f\u00fcr gesunde Geschwister von infizierten Kinder aufzuweichen: \u201eWer nicht infiziert ist, muss auch in die Kita und Schule sowie seine Freizeit ganz normal gestalten d\u00fcrfen. Dass dies derzeit \u00fcber 1000 gesunden Kindern aufgrund der Quarant\u00e4ne-Regeln verwehrt wird, ist nicht mehr haltbar. Das wirkt sich nachteilig auf die Kinder aus und stellt die Familien vor enorme Probleme. Es sollten fortan einzig infizierte Kinder zuhause bleiben m\u00fcssen. Das bedeutet auch, dass z.B. gesunde Geschwister eines erkrankten Kindes weiterhin am normalen Leben teilhaben d\u00fcrfen m\u00fcssen. Infizierte Kinder sollten fortan auch nicht mehr die Anordnung erhalten in ihren Zimmern isoliert zu werden. Das ist ein seit langem untragbarer Zustand, unter dem Kinder stark leiden. Zu Recht haben sich viele Eltern bereits seit langem dieser kindeswohlgef\u00e4hrdenden Anordnung widersetzt. Angesichts der hohen Impfquote halten wir diese rigide Regelung nun erst recht f\u00fcr nicht l\u00e4nger vertretbar.\u201c<\/p>\n","protected":false},"excerpt":{"rendered":"<p>Ein Schritt in die richtige Richtung, aber punktuell noch zu weitgehend \u2013 so bewertet die Gr\u00fcnen-Fraktion den Vorsto\u00df von Bildungssenatorin Aulepp, die Quarant\u00e4ne-Regeln f\u00fcr Kinder und Jugendliche aufzuheben. Bei infizierten Kindern halten die Gr\u00fcnen verbindliche Regeln statt Freiwilligkeit weiterhin f\u00fcr n\u00f6tig. F\u00fcr nicht infizierte Kinder hingegen die Quarant\u00e4ne-Regeln aufzuheben, ist auch aus Sicht der Gr\u00fcnen-Fraktion&#8230;<\/p>\n","protected":false},"author":144,"featured_media":0,"comment_status":"closed","ping_status":"closed","sticky":false,"template":"","format":"chat","meta":{"footnotes":""},"categories":[2,6],"tags":[45],"class_list":["post-8858","post","type-post","status-publish","format-chat","hentry","category-aktuelles","category-presse","tag-gesundheitspolitik","post_format-post-format-chat"],"_links":{"self":[{"href":"https:\/\/wordpress44.gcms.verdigado.net\/alteseite\/wp-json\/wp\/v2\/posts\/8858","targetHints":{"allow":["GET"]}}],"collection":[{"href":"https:\/\/wordpress44.gcms.verdigado.net\/alteseite\/wp-json\/wp\/v2\/posts"}],"about":[{"href":"https:\/\/wordpress44.gcms.verdigado.net\/alteseite\/wp-json\/wp\/v2\/types\/post"}],"author":[{"embeddable":true,"href":"https:\/\/wordpress44.gcms.verdigado.net\/alteseite\/wp-json\/wp\/v2\/users\/144"}],"replies":[{"embeddable":true,"href":"https:\/\/wordpress44.gcms.verdigado.net\/alteseite\/wp-json\/wp\/v2\/comments?post=8858"}],"version-history":[{"count":1,"href":"https:\/\/wordpress44.gcms.verdigado.net\/alteseite\/wp-json\/wp\/v2\/posts\/8858\/revisions"}],"predecessor-version":[{"id":8859,"href":"https:\/\/wordpress44.gcms.verdigado.net\/alteseite\/wp-json\/wp\/v2\/posts\/8858\/revisions\/8859"}],"wp:attachment":[{"href":"https:\/\/wordpress44.gcms.verdigado.net\/alteseite\/wp-json\/wp\/v2\/media?parent=8858"}],"wp:term":[{"taxonomy":"category","embeddable":true,"href":"https:\/\/wordpress44.gcms.verdigado.net\/alteseite\/wp-json\/wp\/v2\/categories?post=8858"},{"taxonomy":"post_tag","embeddable":true,"href":"https:\/\/wordpress44.gcms.verdigado.net\/alteseite\/wp-json\/wp\/v2\/tags?post=8858"}],"curies":[{"name":"wp","href":"https:\/\/api.w.org\/{rel}","templated":true}]}}