{"id":8497,"date":"2021-12-04T16:10:47","date_gmt":"2021-12-04T15:10:47","guid":{"rendered":"https:\/\/gruene-bremen.de\/?p=8497"},"modified":"2022-02-03T16:25:34","modified_gmt":"2022-02-03T15:25:34","slug":"klimaschutz-im-quartier","status":"publish","type":"post","link":"https:\/\/wordpress44.gcms.verdigado.net\/alteseite\/klimaschutz-im-quartier\/","title":{"rendered":"Klimaschutz im Quartier"},"content":{"rendered":"<p>Am 2. Oktober 2019 hatte die Landesmitgliederversammlung auf Antrag des Landesvorstandes unter dem Titel \u201eDie Umsetzung des Koalitionsvertrages ist Aufgabe der gesamten Partei\u201c unter Punkt 2 beschlossen:<\/p>\n<p>\u201eDie Landesmitgliederversammlung fordert die Kreisverb\u00e4nde und Stadtteilgruppen auf, Projekte und Initiativen f\u00fcr \u201eKlimaschutz im Quartier\u201c zu verst\u00e4rken und neu zu entwickeln. Das k\u00f6nnen \u00f6ffentliche Aktionen und Informationskampagnen sei, Initiativen \u00fcber die Beir\u00e4te, Kooperationen mit anderen Organisationen, Vereinbarungen mit \u00f6rtlichem Handel und Gewerbe u.v.m. Es geht um die Vielfalt der M\u00f6glichkeiten, die zeigen, dass Klimaschutz eine gesellschaftliche Bewegung ist. Und es geht darum, diese Bewegung in der ganzen Stadt sichtbar zu machen.<\/p>\n<p>Die Landesmitgliederversammlung bittet den Landesvorstand, zum Start einen Markt der M\u00f6glichkeiten zu organisieren und in der zweiten H\u00e4lfte des Jahres 2020 den Kreisverb\u00e4nden und Stadtteilgruppen die M\u00f6glichkeit zu geben, auf einer Landesmitgliederversammlung ihre Initiativen zu pr\u00e4sentieren.\u201c<\/p>\n<p>Die Landesmitgliederversammlung best\u00e4tigt und bekr\u00e4ftigt die Grunds\u00e4tze ihres Beschlusses vom 2. Oktober 2019.<\/p>\n","protected":false},"excerpt":{"rendered":"<p>Am 2. Oktober 2019 hatte die Landesmitgliederversammlung auf Antrag des Landesvorstandes unter dem Titel \u201eDie Umsetzung des Koalitionsvertrages ist Aufgabe der gesamten Partei\u201c unter Punkt 2 beschlossen: \u201eDie Landesmitgliederversammlung fordert die Kreisverb\u00e4nde und Stadtteilgruppen auf, Projekte und Initiativen f\u00fcr \u201eKlimaschutz im Quartier\u201c zu verst\u00e4rken und neu zu entwickeln. Das k\u00f6nnen \u00f6ffentliche Aktionen und Informationskampagnen sei,&#8230;<\/p>\n","protected":false},"author":139,"featured_media":0,"comment_status":"closed","ping_status":"closed","sticky":false,"template":"","format":"standard","meta":{"footnotes":""},"categories":[3],"tags":[205],"class_list":["post-8497","post","type-post","status-publish","format-standard","hentry","category-beschluesse","tag-klimapolitik"],"_links":{"self":[{"href":"https:\/\/wordpress44.gcms.verdigado.net\/alteseite\/wp-json\/wp\/v2\/posts\/8497","targetHints":{"allow":["GET"]}}],"collection":[{"href":"https:\/\/wordpress44.gcms.verdigado.net\/alteseite\/wp-json\/wp\/v2\/posts"}],"about":[{"href":"https:\/\/wordpress44.gcms.verdigado.net\/alteseite\/wp-json\/wp\/v2\/types\/post"}],"author":[{"embeddable":true,"href":"https:\/\/wordpress44.gcms.verdigado.net\/alteseite\/wp-json\/wp\/v2\/users\/139"}],"replies":[{"embeddable":true,"href":"https:\/\/wordpress44.gcms.verdigado.net\/alteseite\/wp-json\/wp\/v2\/comments?post=8497"}],"version-history":[{"count":1,"href":"https:\/\/wordpress44.gcms.verdigado.net\/alteseite\/wp-json\/wp\/v2\/posts\/8497\/revisions"}],"predecessor-version":[{"id":8498,"href":"https:\/\/wordpress44.gcms.verdigado.net\/alteseite\/wp-json\/wp\/v2\/posts\/8497\/revisions\/8498"}],"wp:attachment":[{"href":"https:\/\/wordpress44.gcms.verdigado.net\/alteseite\/wp-json\/wp\/v2\/media?parent=8497"}],"wp:term":[{"taxonomy":"category","embeddable":true,"href":"https:\/\/wordpress44.gcms.verdigado.net\/alteseite\/wp-json\/wp\/v2\/categories?post=8497"},{"taxonomy":"post_tag","embeddable":true,"href":"https:\/\/wordpress44.gcms.verdigado.net\/alteseite\/wp-json\/wp\/v2\/tags?post=8497"}],"curies":[{"name":"wp","href":"https:\/\/api.w.org\/{rel}","templated":true}]}}