{"id":8487,"date":"2021-07-19T16:13:22","date_gmt":"2021-07-19T14:13:22","guid":{"rendered":"https:\/\/gruene-bremen.de\/?p=8487"},"modified":"2022-02-04T10:08:09","modified_gmt":"2022-02-04T09:08:09","slug":"mehr-geld-fuer-umsetzung-der-bremer-biodiversitaetsstrategie-und-des-insektenschutzprogramms","status":"publish","type":"post","link":"https:\/\/wordpress44.gcms.verdigado.net\/alteseite\/mehr-geld-fuer-umsetzung-der-bremer-biodiversitaetsstrategie-und-des-insektenschutzprogramms\/","title":{"rendered":"Mehr Geld f\u00fcr Umsetzung der Bremer Biodiversit\u00e4tsstrategie und des Insektenschutzprogramms"},"content":{"rendered":"<p><em>Dieser Antrag wurde von der nicht beschlussf\u00e4higen Landesmitgliederversammlung am 18. Juli 2021 empfohlen und entsprechend der Empfehlung am 19. Juli vom Landesvorstand beschlossen.<\/em><\/p>\n<p>Der Biodiversit\u00e4tsverlust weltweit, in Deutschland und auch in Bremen ist neben der Klimakrise die gr\u00f6\u00dfte existentielle Gefahr f\u00fcr unsere Lebensgrundlagen. Die LMV fordert die Fraktion und die gr\u00fcnen Senator*innen auf, die Anschubfinanzierung und Umsetzung einer ressort\u00fcbergreifenden Biodiversit\u00e4tsstrategie und eines Insektenschutzprogramms noch in dieser Legislatur sicherzustellen, denn die Zeit dr\u00e4ngt, um unsere wertvollen Gr\u00fcnfl\u00e4chen und die Artenvielfalt zu sch\u00fctzen:<\/p>\n<p>1. Deshalb m\u00fcssen in den kommenden Haushalten ausreichend Mittel zur Erarbeitung der Biodiversit\u00e4tsstrategie\/ des Insektenschutzprogramms zur Verf\u00fcgung gestellt werden, inklusive erster Mittel zur Ma\u00dfnahmenumsetzung (u.a.Baumpflanzungen, Bl\u00fchstreifen, Personal). Hierf\u00fcr sind mindestens eine Millionen Euro zu veranschlagen.<\/p>\n<p>2. Die Erarbeitung muss in einem Ressort \u00fcbergreifenden Prozess stattfinden, an dessen Ende ein Ma\u00dfnahmenprogramm mit klaren Zust\u00e4ndigkeiten und Finanzbedarfen steht.<\/p>\n<p>3. Nach Abschluss der Erarbeitung muss sichergestellt werden, dass die Inhalte\/ Ma\u00dfnahmen konsequent umgesetzt werden. Hierzu wird es erforderlich sein, eine dauerhafte Koordinierungsstelle \u201eBiodiversit\u00e4t\u201c im Umweltressort zu schaffen.<\/p>\n<p>4. Um die Wirksamkeit der Ma\u00dfnahmen \u00fcberpr\u00fcfen zu k\u00f6nnen, ist es notwendig, das Monitoring (u.a hinsichtlich der Insekten) auszuweiten, hierf\u00fcr sind die notwendigen zus\u00e4tzlichen Mittel bereitzustellen.<\/p>\n<p>5. Die im Koalitionsvertrag vereinbarte zentrale Beratungsstelle zur Einwerbung von Drittmitteln (z.B. Bundes- und EU-F\u00f6rderung) soll auch vor diesem Hintergrund zeitnah realisiert werden. Es m\u00fcssen alle M\u00f6glichkeiten ausgesch\u00f6pft werden, die vorhandenen Mittel aus dem Bremer Haushalt mit Mitteln aus nationalen und europ\u00e4ischen F\u00f6rderprogrammen zu unterst\u00fctzen.<\/p>\n<p>6. Um die kontinuierliche, aktuelle Abnahme der Biodiversit\u00e4t auf \u00f6ffentlichen Bremer Fl\u00e4chen zu stoppen, sind kurzfristige Ma\u00dfnahmen zur Erh\u00f6hung der Biodiversit\u00e4t (wie z.B. die Anlage von Bl\u00fchstreifen) notwendig.<\/p>\n","protected":false},"excerpt":{"rendered":"<p>Dieser Antrag wurde von der nicht beschlussf\u00e4higen Landesmitgliederversammlung am 18. Juli 2021 empfohlen und entsprechend der Empfehlung am 19. Juli vom Landesvorstand beschlossen. Der Biodiversit\u00e4tsverlust weltweit, in Deutschland und auch in Bremen ist neben der Klimakrise die gr\u00f6\u00dfte existentielle Gefahr f\u00fcr unsere Lebensgrundlagen. Die LMV fordert die Fraktion und die gr\u00fcnen Senator*innen auf, die Anschubfinanzierung&#8230;<\/p>\n","protected":false},"author":139,"featured_media":0,"comment_status":"closed","ping_status":"closed","sticky":false,"template":"","format":"standard","meta":{"footnotes":""},"categories":[3],"tags":[232],"class_list":["post-8487","post","type-post","status-publish","format-standard","hentry","category-beschluesse","tag-umweltschutz"],"_links":{"self":[{"href":"https:\/\/wordpress44.gcms.verdigado.net\/alteseite\/wp-json\/wp\/v2\/posts\/8487","targetHints":{"allow":["GET"]}}],"collection":[{"href":"https:\/\/wordpress44.gcms.verdigado.net\/alteseite\/wp-json\/wp\/v2\/posts"}],"about":[{"href":"https:\/\/wordpress44.gcms.verdigado.net\/alteseite\/wp-json\/wp\/v2\/types\/post"}],"author":[{"embeddable":true,"href":"https:\/\/wordpress44.gcms.verdigado.net\/alteseite\/wp-json\/wp\/v2\/users\/139"}],"replies":[{"embeddable":true,"href":"https:\/\/wordpress44.gcms.verdigado.net\/alteseite\/wp-json\/wp\/v2\/comments?post=8487"}],"version-history":[{"count":2,"href":"https:\/\/wordpress44.gcms.verdigado.net\/alteseite\/wp-json\/wp\/v2\/posts\/8487\/revisions"}],"predecessor-version":[{"id":8504,"href":"https:\/\/wordpress44.gcms.verdigado.net\/alteseite\/wp-json\/wp\/v2\/posts\/8487\/revisions\/8504"}],"wp:attachment":[{"href":"https:\/\/wordpress44.gcms.verdigado.net\/alteseite\/wp-json\/wp\/v2\/media?parent=8487"}],"wp:term":[{"taxonomy":"category","embeddable":true,"href":"https:\/\/wordpress44.gcms.verdigado.net\/alteseite\/wp-json\/wp\/v2\/categories?post=8487"},{"taxonomy":"post_tag","embeddable":true,"href":"https:\/\/wordpress44.gcms.verdigado.net\/alteseite\/wp-json\/wp\/v2\/tags?post=8487"}],"curies":[{"name":"wp","href":"https:\/\/api.w.org\/{rel}","templated":true}]}}