{"id":8485,"date":"2021-07-19T16:12:49","date_gmt":"2021-07-19T14:12:49","guid":{"rendered":"https:\/\/gruene-bremen.de\/?p=8485"},"modified":"2022-02-04T10:08:14","modified_gmt":"2022-02-04T09:08:14","slug":"lebenswerte-staedte-durch-angemessene-geschwindigkeiten","status":"publish","type":"post","link":"https:\/\/wordpress44.gcms.verdigado.net\/alteseite\/lebenswerte-staedte-durch-angemessene-geschwindigkeiten\/","title":{"rendered":"Lebenswerte St\u00e4dte durch angemessene Geschwindigkeiten"},"content":{"rendered":"<p><em>Dieser Antrag wurde von der nicht beschlussf\u00e4higen Landesmitgliederversammlung am 18. Juli 2021 empfohlen und entsprechend der Empfehlung am 19. Juli vom Landesvorstand beschlossen.<\/em><\/p>\n<p>Die Landesmitgliederversammlung von B\u00fcndnis 90\/Die Gr\u00fcnen unterst\u00fctzt die neue kommunale Initiative f\u00fcr stadtvertr\u00e4glichen Verkehr durch die von Agora Verkehrswende mit Erstunterzeichner*innen von sieben St\u00e4dten und Unterst\u00fctzung des Deutschen St\u00e4dtetages initiierte Erkl\u00e4rung f\u00fcr lebenswerte St\u00e4dte durch angemessene Geschwindigkeit. Sie fordert die Fraktionen der B\u00fcrgerschaft und Stadtverordnetenfraktion sowie die Gr\u00fcnen Mitglieder des Senats und des Magistrats auf, sich f\u00fcr den Beitritt der beiden Kommunen Bremen und Bremerhaven einzusetzen.<\/p>\n","protected":false},"excerpt":{"rendered":"<p>Dieser Antrag wurde von der nicht beschlussf\u00e4higen Landesmitgliederversammlung am 18. Juli 2021 empfohlen und entsprechend der Empfehlung am 19. Juli vom Landesvorstand beschlossen. Die Landesmitgliederversammlung von B\u00fcndnis 90\/Die Gr\u00fcnen unterst\u00fctzt die neue kommunale Initiative f\u00fcr stadtvertr\u00e4glichen Verkehr durch die von Agora Verkehrswende mit Erstunterzeichner*innen von sieben St\u00e4dten und Unterst\u00fctzung des Deutschen St\u00e4dtetages initiierte Erkl\u00e4rung f\u00fcr&#8230;<\/p>\n","protected":false},"author":139,"featured_media":0,"comment_status":"closed","ping_status":"closed","sticky":false,"template":"","format":"standard","meta":{"footnotes":""},"categories":[3],"tags":[95],"class_list":["post-8485","post","type-post","status-publish","format-standard","hentry","category-beschluesse","tag-verkehrspolitik"],"_links":{"self":[{"href":"https:\/\/wordpress44.gcms.verdigado.net\/alteseite\/wp-json\/wp\/v2\/posts\/8485","targetHints":{"allow":["GET"]}}],"collection":[{"href":"https:\/\/wordpress44.gcms.verdigado.net\/alteseite\/wp-json\/wp\/v2\/posts"}],"about":[{"href":"https:\/\/wordpress44.gcms.verdigado.net\/alteseite\/wp-json\/wp\/v2\/types\/post"}],"author":[{"embeddable":true,"href":"https:\/\/wordpress44.gcms.verdigado.net\/alteseite\/wp-json\/wp\/v2\/users\/139"}],"replies":[{"embeddable":true,"href":"https:\/\/wordpress44.gcms.verdigado.net\/alteseite\/wp-json\/wp\/v2\/comments?post=8485"}],"version-history":[{"count":2,"href":"https:\/\/wordpress44.gcms.verdigado.net\/alteseite\/wp-json\/wp\/v2\/posts\/8485\/revisions"}],"predecessor-version":[{"id":8505,"href":"https:\/\/wordpress44.gcms.verdigado.net\/alteseite\/wp-json\/wp\/v2\/posts\/8485\/revisions\/8505"}],"wp:attachment":[{"href":"https:\/\/wordpress44.gcms.verdigado.net\/alteseite\/wp-json\/wp\/v2\/media?parent=8485"}],"wp:term":[{"taxonomy":"category","embeddable":true,"href":"https:\/\/wordpress44.gcms.verdigado.net\/alteseite\/wp-json\/wp\/v2\/categories?post=8485"},{"taxonomy":"post_tag","embeddable":true,"href":"https:\/\/wordpress44.gcms.verdigado.net\/alteseite\/wp-json\/wp\/v2\/tags?post=8485"}],"curies":[{"name":"wp","href":"https:\/\/api.w.org\/{rel}","templated":true}]}}