{"id":8093,"date":"2022-01-11T15:24:07","date_gmt":"2022-01-11T14:24:07","guid":{"rendered":"https:\/\/gruene-bremen.de\/?p=8093"},"modified":"2022-01-11T15:29:00","modified_gmt":"2022-01-11T14:29:00","slug":"atomtransporte-bittere-entscheidung-fuer-bremerhaven-und-bremen","status":"publish","type":"post","link":"https:\/\/wordpress44.gcms.verdigado.net\/alteseite\/atomtransporte-bittere-entscheidung-fuer-bremerhaven-und-bremen\/","title":{"rendered":"Verbot von Atomtransporten: Bittere Entscheidung f\u00fcr Bremerhaven und Bremen"},"content":{"rendered":"<p>Das <strong>Bundesverfassungsgericht<\/strong> hat das seit 2012 bestehende <a href=\"https:\/\/www.rnd.de\/politik\/bundesverfassungsgericht-verbot-von-atomtransporten-ueber-bremer-haefen-verfassungswidrig-BUYKUZXWJTTK76YS5HXJGYBOXM.html\" target=\"_blank\" rel=\"noopener\"><strong>Verbot f\u00fcr den Umschlag von Kernbrennstoffen in den Bremischen H\u00e4fen<\/strong> f\u00fcr nichtig erkl\u00e4rt<\/a>. Die damalige \u00c4nderung des Hafenbetriebsgesetzes ist nicht verfassungskonform. Demnach steht allein dem Bund die Gesetzgebungskompetenz f\u00fcr die friedliche Nutzung der Kernenergie zu, nicht aber dem Land Bremen. Die Entscheidung des Bundesverfassungsgerichts muss schweren Herzens akzeptiert werden, so der <strong>energiepolitische Sprecher Philipp Bruck<\/strong>: \u201eDiese Entscheidung des Bundesverfassungsgerichts ist bitter f\u00fcr die Menschen in Bremen und Bremerhaven. Der Transport von Kernbrennstoffen birgt Risiken, die wir f\u00fcr die Bev\u00f6lkerung im Land Bremen mit dem Umschlagsverbot verringern wollten. Wir halten es weiterhin f\u00fcr falsch, dass die H\u00e4fen als Drehscheibe f\u00fcr Atomm\u00fcll herhalten m\u00fcssen. Damit geht ein hohes Gef\u00e4hrdungspotenzial einher. Die Entscheidung der Karlsruher Richter macht deutlich, dass alleine der Bund die Kompetenz hat, diesen Irrsinn zu stoppen.\u201c<\/p>\n<p>Der <strong>wirtschaftspolitische Sprecher und Hafenpolitiker Robert B\u00fccking<\/strong> erg\u00e4nzt: \u201eZum Gl\u00fcck ist die deutsche Entscheidung zum Atomausstieg unumkehrbar und ein gro\u00dfer Konsens in allen politischen Lagern. Ebenso wie die Suche nach einem sicheren Endlager. Es ist daher zu erwarten, dass der Umschlag von Atomm\u00fcll \u00fcber deutsche H\u00e4fen zu einem Auslaufmodell wird.\u201c<\/p>\n<p>\u201eWir bedauern es sehr, dass das Transportverbot von Kernbrennstoffen \u00fcber Bremer H\u00e4fen nicht verfassungskonform ist. Nach wie vor sehen wir es kritisch, dass unsere H\u00e4fen eine Drehscheibe f\u00fcr internationale Atomtransporte sind. Schlie\u00dflich ist Atomkraft eine Risikotechnologie von gestern, der Transport der Kernbrennstoffe birgt ebenfalls Risiken. Unser Ziel war es, die Gefahren dieser Atomtransporte f\u00fcr die Bev\u00f6lkerung im Land Bremen, aber auch f\u00fcr die Mitarbeiter*innen der Hafen- und Umschlagsbetriebe abzuwehren&#8220;, so <strong>Maike Schaefer, B\u00fcrgermeisterin und Senatorin f\u00fcr Klimaschutz, Umwelt, Mobilit\u00e4t, Stadtentwicklung und Wohnungsbau.<\/strong><\/p>\n","protected":false},"excerpt":{"rendered":"<p>Das Bundesverfassungsgericht hat das seit 2012 bestehende Verbot f\u00fcr den Umschlag von Kernbrennstoffen in den Bremischen H\u00e4fen f\u00fcr nichtig erkl\u00e4rt. Die damalige \u00c4nderung des Hafenbetriebsgesetzes ist nicht verfassungskonform.<\/p>\n","protected":false},"author":144,"featured_media":0,"comment_status":"closed","ping_status":"closed","sticky":false,"template":"","format":"chat","meta":{"footnotes":""},"categories":[2,6],"tags":[219],"class_list":["post-8093","post","type-post","status-publish","format-chat","hentry","category-aktuelles","category-presse","tag-energiepolitik","post_format-post-format-chat"],"_links":{"self":[{"href":"https:\/\/wordpress44.gcms.verdigado.net\/alteseite\/wp-json\/wp\/v2\/posts\/8093","targetHints":{"allow":["GET"]}}],"collection":[{"href":"https:\/\/wordpress44.gcms.verdigado.net\/alteseite\/wp-json\/wp\/v2\/posts"}],"about":[{"href":"https:\/\/wordpress44.gcms.verdigado.net\/alteseite\/wp-json\/wp\/v2\/types\/post"}],"author":[{"embeddable":true,"href":"https:\/\/wordpress44.gcms.verdigado.net\/alteseite\/wp-json\/wp\/v2\/users\/144"}],"replies":[{"embeddable":true,"href":"https:\/\/wordpress44.gcms.verdigado.net\/alteseite\/wp-json\/wp\/v2\/comments?post=8093"}],"version-history":[{"count":4,"href":"https:\/\/wordpress44.gcms.verdigado.net\/alteseite\/wp-json\/wp\/v2\/posts\/8093\/revisions"}],"predecessor-version":[{"id":8097,"href":"https:\/\/wordpress44.gcms.verdigado.net\/alteseite\/wp-json\/wp\/v2\/posts\/8093\/revisions\/8097"}],"wp:attachment":[{"href":"https:\/\/wordpress44.gcms.verdigado.net\/alteseite\/wp-json\/wp\/v2\/media?parent=8093"}],"wp:term":[{"taxonomy":"category","embeddable":true,"href":"https:\/\/wordpress44.gcms.verdigado.net\/alteseite\/wp-json\/wp\/v2\/categories?post=8093"},{"taxonomy":"post_tag","embeddable":true,"href":"https:\/\/wordpress44.gcms.verdigado.net\/alteseite\/wp-json\/wp\/v2\/tags?post=8093"}],"curies":[{"name":"wp","href":"https:\/\/api.w.org\/{rel}","templated":true}]}}