{"id":5927,"date":"2021-05-20T15:28:59","date_gmt":"2021-05-20T13:28:59","guid":{"rendered":"https:\/\/gruene-bremen.de\/?p=5927"},"modified":"2021-05-20T17:54:50","modified_gmt":"2021-05-20T15:54:50","slug":"gruener-landesvorstand-fordert-lueckenlose-aufklaerung-bei-der-brebau","status":"publish","type":"post","link":"https:\/\/wordpress44.gcms.verdigado.net\/alteseite\/gruener-landesvorstand-fordert-lueckenlose-aufklaerung-bei-der-brebau\/","title":{"rendered":"Gr\u00fcner Landesvorstand fordert l\u00fcckenlose Aufkl\u00e4rung bei der BREBAU"},"content":{"rendered":"<p>Bei der st\u00e4dtischen BREBAU kam es laut ARD-Medienberichten zum systematischen Ausschlie\u00dfen potentieller Mieter*innen aufgrund ihrer Hautfarbe, der Herkunft, der religi\u00f6sen oder sexuellen Orientierung sowie geschlechtlicher Identit\u00e4t.<\/p>\n<p>Dazu \u00e4u\u00dfert sich der Landesvorstand der Gr\u00fcnen wie folgt:<\/p>\n<p>\u201eWenn sich diese Erkenntnisse best\u00e4tigen, w\u00e4re dies ein absolut inakzeptabler Skandal, der nicht ohne Folgen bleiben kann. Der Landesvorstand von B\u00fcndnis\/Die Gr\u00fcnen Bremen fordert eine externe, l\u00fcckenlose und unabh\u00e4ngige Aufkl\u00e4rung. Wir dulden keinen Rassismus und keine Diskriminierung!<\/p>\n<p>Auch wenn die Unschuldsvermutung gilt, muss auch die Rolle der Gesch\u00e4ftsf\u00fchrung kritisch hinterfragt und gekl\u00e4rt werden, ob sie \u00fcberhaupt noch haltbar ist. Entweder hat sie die Vorg\u00e4nge geduldet oder nichts von ihnen gewusst \u2013 beides ist am Ende nicht tragbar.<\/p>\n<p>Bremen sollte eine offene Stadt sein, die sich f\u00fcr Vielfalt und Miteinander einsetzt. Solche Praktiken laufen dem zuwider und sind ein Ausdruck von struktureller Diskriminierung von Menschen, die nicht dem vermeintlichen Ideal einer homogenen Mehrheitsgesellschaft entsprechen. Wir als Gr\u00fcne setzen uns konsequent f\u00fcr den Abbau solcher struktureller Formen von Diskriminierung und Rassismus ein. Dieser Skandal zeigt die unbedingte Notwendigkeit des Landesaktionsplan gegen Rassismus und der Antidiskriminierungsstelle.<\/p>\n<p>Rassistische Diskriminierung auf dem Wohnungsmarkt sind leider nichts Neues und kein Einzelfall, sondern allzu oft die Regel. Die BREBAU als st\u00e4dtische Akteurin h\u00e4tte und hat die eindeutige Verantwortung mit solchen Praktiken zu brechen und sie nicht im Gegenteil selbst systematisch anzuwenden. Andere Unternehmen haben in der Vergangenheit vorgemacht, wie man Verantwortung f\u00fcr rassistische Strukturen \u00fcbernimmt. Die Vorf\u00e4lle m\u00fcssen nicht nur konsequent aufgearbeitet werden, sondern Rassismus muss verlernt werden.<\/p>\n<p>Es ist deshalb notwendig, das Problem von strukturellem Rassismus auf dem Wohnungsmarkt grunds\u00e4tzlich aufzugreifen. Es m\u00fcssen rechtliche Voraussetzungen geschaffen werden, die diese Praxis unterbinden und den Betroffenen die M\u00f6glichkeit geben, ihre Rechte durchzusetzen.<\/p>\n<p>Wir als Landesvorstand bedanken uns ausdr\u00fccklich bei den Mitarbeiter*innen und Journalist*innen, die diesen m\u00f6glichen Skandal aufgedeckt haben.\u201c<\/p>\n","protected":false},"excerpt":{"rendered":"<p>Bei der st\u00e4dtischen BREBAU kam es laut ARD-Medienberichten zum systematischen Ausschlie\u00dfen potentieller Mieter*innen aufgrund ihrer Hautfarbe, der Herkunft, der religi\u00f6sen oder sexuellen Orientierung sowie geschlechtlicher Identit\u00e4t. Dazu \u00e4u\u00dfert sich der Landesvorstand der Gr\u00fcnen wie folgt: \u201eWenn sich diese Erkenntnisse best\u00e4tigen, w\u00e4re dies ein absolut inakzeptabler Skandal, der nicht ohne Folgen bleiben kann. Der Landesvorstand von&#8230;<\/p>\n","protected":false},"author":139,"featured_media":4972,"comment_status":"closed","ping_status":"closed","sticky":false,"template":"","format":"standard","meta":{"footnotes":""},"categories":[2,184,6],"tags":[10,199],"class_list":["post-5927","post","type-post","status-publish","format-standard","has-post-thumbnail","hentry","category-aktuelles","category-instagram","category-presse","tag-antidiskriminierung","tag-brebau"],"_links":{"self":[{"href":"https:\/\/wordpress44.gcms.verdigado.net\/alteseite\/wp-json\/wp\/v2\/posts\/5927","targetHints":{"allow":["GET"]}}],"collection":[{"href":"https:\/\/wordpress44.gcms.verdigado.net\/alteseite\/wp-json\/wp\/v2\/posts"}],"about":[{"href":"https:\/\/wordpress44.gcms.verdigado.net\/alteseite\/wp-json\/wp\/v2\/types\/post"}],"author":[{"embeddable":true,"href":"https:\/\/wordpress44.gcms.verdigado.net\/alteseite\/wp-json\/wp\/v2\/users\/139"}],"replies":[{"embeddable":true,"href":"https:\/\/wordpress44.gcms.verdigado.net\/alteseite\/wp-json\/wp\/v2\/comments?post=5927"}],"version-history":[{"count":1,"href":"https:\/\/wordpress44.gcms.verdigado.net\/alteseite\/wp-json\/wp\/v2\/posts\/5927\/revisions"}],"predecessor-version":[{"id":5928,"href":"https:\/\/wordpress44.gcms.verdigado.net\/alteseite\/wp-json\/wp\/v2\/posts\/5927\/revisions\/5928"}],"wp:featuredmedia":[{"embeddable":true,"href":"https:\/\/wordpress44.gcms.verdigado.net\/alteseite\/wp-json\/wp\/v2\/media\/4972"}],"wp:attachment":[{"href":"https:\/\/wordpress44.gcms.verdigado.net\/alteseite\/wp-json\/wp\/v2\/media?parent=5927"}],"wp:term":[{"taxonomy":"category","embeddable":true,"href":"https:\/\/wordpress44.gcms.verdigado.net\/alteseite\/wp-json\/wp\/v2\/categories?post=5927"},{"taxonomy":"post_tag","embeddable":true,"href":"https:\/\/wordpress44.gcms.verdigado.net\/alteseite\/wp-json\/wp\/v2\/tags?post=5927"}],"curies":[{"name":"wp","href":"https:\/\/api.w.org\/{rel}","templated":true}]}}