{"id":5923,"date":"2021-05-20T13:08:41","date_gmt":"2021-05-20T11:08:41","guid":{"rendered":"https:\/\/gruene-bremen.de\/?p=5923"},"modified":"2021-05-20T13:08:41","modified_gmt":"2021-05-20T11:08:41","slug":"brebau-gruene-fordern-externe-untersuchung-der-vorwuerfe","status":"publish","type":"post","link":"https:\/\/wordpress44.gcms.verdigado.net\/alteseite\/brebau-gruene-fordern-externe-untersuchung-der-vorwuerfe\/","title":{"rendered":"Brebau: Gr\u00fcne fordern externe Untersuchung der Vorw\u00fcrfe"},"content":{"rendered":"<p>Die Gr\u00fcnen-Fraktion fordert angesichts der offenbar systematischen Diskriminierung bei der Wohnungsvergabe durch die st\u00e4dtische Brebau umgehend eine externe Untersuchung f\u00fcr die schonungslose Aufkl\u00e4rung der Vorw\u00fcrfe. Die Gr\u00fcnen beantragen dazu au\u00dferdem eine Sondersitzung des zust\u00e4ndigen Controlling-Ausschusses. Sollten sich die Vorw\u00fcrfe best\u00e4tigen, so die stellv. Fraktionsvorsitzende Sahhanim G\u00f6rg\u00fc-Philipp, m\u00fcssen auch personelle Konsequenzen gezogen werden: \u201eDie schwerwiegenden Vorw\u00fcrfe gegen die Brebau m\u00fcssen durch einen unabh\u00e4ngigen Ermittler schnell und l\u00fcckenlos aufgekl\u00e4rt werden. Dass ausgerechnet eine st\u00e4dtische Wohnungsbaugesellschaft offenbar Menschen aufgrund der Hautfarbe, der Herkunft und der religi\u00f6sen oder sexuellen Orientierung systematisch bei der Wohnungsvergabe ausschlie\u00dft, ist ein Skandal und v\u00f6llig inakzeptabel. Bremen steht f\u00fcr Vielfalt und Weltoffenheit. F\u00fcr rassistische und homophobe Ausgrenzung ist hier kein Platz. Ein solches Vorgehen kann nicht ohne personelle Konsequenzen bleiben. Zu einer konsequenten Aufkl\u00e4rung geh\u00f6rt auch, solche besch\u00e4menden und menschenverachtenden Praktiken durch geeignete Ma\u00dfnahmen k\u00fcnftig auszuschlie\u00dfen. Das Controlling in der Brebau hat offenkundig vollst\u00e4ndig versagt. Hier muss auch die Rolle der Gesch\u00e4ftsf\u00fchrung kritisch hinterfragt und gekl\u00e4rt werden, ob sie \u00fcberhaupt noch haltbar ist. Entweder hat sie die Vorg\u00e4nge geduldet oder nichts von ihnen gewusst, beides ist am Ende nicht tragbar. Dieser Vorgang zeigt erneut, wie wichtig der angeschobene Landesaktionsplan gegen Rassismus und die Antidiskriminierungsstelle sind. Solche Praktiken, wie sie der Brebau vorgeworfen werden, sind nur in einem von Vorurteilen gepr\u00e4gten Klima m\u00f6glich. Diese rassistischen Muster m\u00fcssen wir an der Wurzel bek\u00e4mpfen und \u00fcberwinden.\u201c<\/p>\n","protected":false},"excerpt":{"rendered":"<p>Die Gr\u00fcnen-Fraktion fordert angesichts der offenbar systematischen Diskriminierung bei der Wohnungsvergabe durch die st\u00e4dtische Brebau umgehend eine externe Untersuchung f\u00fcr die schonungslose Aufkl\u00e4rung der Vorw\u00fcrfe. Die Gr\u00fcnen beantragen dazu au\u00dferdem eine Sondersitzung des zust\u00e4ndigen Controlling-Ausschusses. Sollten sich die Vorw\u00fcrfe best\u00e4tigen, so die stellv. Fraktionsvorsitzende Sahhanim G\u00f6rg\u00fc-Philipp, m\u00fcssen auch personelle Konsequenzen gezogen werden: \u201eDie schwerwiegenden Vorw\u00fcrfe&#8230;<\/p>\n","protected":false},"author":139,"featured_media":5279,"comment_status":"closed","ping_status":"closed","sticky":false,"template":"","format":"standard","meta":{"footnotes":""},"categories":[2,6],"tags":[10,199],"class_list":["post-5923","post","type-post","status-publish","format-standard","has-post-thumbnail","hentry","category-aktuelles","category-presse","tag-antidiskriminierung","tag-brebau"],"_links":{"self":[{"href":"https:\/\/wordpress44.gcms.verdigado.net\/alteseite\/wp-json\/wp\/v2\/posts\/5923","targetHints":{"allow":["GET"]}}],"collection":[{"href":"https:\/\/wordpress44.gcms.verdigado.net\/alteseite\/wp-json\/wp\/v2\/posts"}],"about":[{"href":"https:\/\/wordpress44.gcms.verdigado.net\/alteseite\/wp-json\/wp\/v2\/types\/post"}],"author":[{"embeddable":true,"href":"https:\/\/wordpress44.gcms.verdigado.net\/alteseite\/wp-json\/wp\/v2\/users\/139"}],"replies":[{"embeddable":true,"href":"https:\/\/wordpress44.gcms.verdigado.net\/alteseite\/wp-json\/wp\/v2\/comments?post=5923"}],"version-history":[{"count":1,"href":"https:\/\/wordpress44.gcms.verdigado.net\/alteseite\/wp-json\/wp\/v2\/posts\/5923\/revisions"}],"predecessor-version":[{"id":5924,"href":"https:\/\/wordpress44.gcms.verdigado.net\/alteseite\/wp-json\/wp\/v2\/posts\/5923\/revisions\/5924"}],"wp:featuredmedia":[{"embeddable":true,"href":"https:\/\/wordpress44.gcms.verdigado.net\/alteseite\/wp-json\/wp\/v2\/media\/5279"}],"wp:attachment":[{"href":"https:\/\/wordpress44.gcms.verdigado.net\/alteseite\/wp-json\/wp\/v2\/media?parent=5923"}],"wp:term":[{"taxonomy":"category","embeddable":true,"href":"https:\/\/wordpress44.gcms.verdigado.net\/alteseite\/wp-json\/wp\/v2\/categories?post=5923"},{"taxonomy":"post_tag","embeddable":true,"href":"https:\/\/wordpress44.gcms.verdigado.net\/alteseite\/wp-json\/wp\/v2\/tags?post=5923"}],"curies":[{"name":"wp","href":"https:\/\/api.w.org\/{rel}","templated":true}]}}