{"id":5910,"date":"2021-05-17T13:34:24","date_gmt":"2021-05-17T11:34:24","guid":{"rendered":"https:\/\/gruene-bremen.de\/?p=5910"},"modified":"2021-05-17T13:34:24","modified_gmt":"2021-05-17T11:34:24","slug":"bremer-gruene-zum-idahobita-2021-am-17-mai","status":"publish","type":"post","link":"https:\/\/wordpress44.gcms.verdigado.net\/alteseite\/bremer-gruene-zum-idahobita-2021-am-17-mai\/","title":{"rendered":"Bremer Gr\u00fcne zum IDAHOBITA* 2021 am 17. Mai"},"content":{"rendered":"<p>Zum Internationalen Tag gegen Homo-, Bi-, Inter-, Trans- &amp; Asexuellenfeindlichkeit (IDAHOBITA*) am 17. Mai erkl\u00e4ren sich die Bremer Gr\u00fcnen solidarisch mit allen Betroffenen queerfeindlicher Diskriminierung und Gewalt. Gemeinsam streiten wir f\u00fcr eine Gesellschaft, in der Selbstbestimmung und Freiheit unabh\u00e4ngig von K\u00f6rper, Sexualit\u00e4t oder Geschlecht selbstverst\u00e4ndlich ist.<\/p>\n<p>Daher begr\u00fc\u00dfen wir den Beschluss der Bremischen B\u00fcrgerschaft von vergangener Woche, Hasskriminalit\u00e4t gegen queere Menschen besser zu erfassen, sichtbar zu machen und gezielt zu bek\u00e4mpfen. Denn obwohl Hasskriminalit\u00e4t gegen Queers aktuell zunimmt (782 registrierte Straftaten, davon 154 Gewalttaten 2020, Zunahme von 36% gegen\u00fcber 2019 in Deutschland), wurde dieses Thema noch nie bei der Innenministerkonferenz aufgegriffen. Queer zu sein darf kein Sicherheitsrisiko darstellen.<\/p>\n<p>Die Bremische B\u00fcrgerschaft hat den Senat aufgefordert, queerfeindliche Straftaten gesondert zu ver\u00f6ffentlichen, queere Menschen in Sammelunterk\u00fcnften besser zu sch\u00fctzen, und das Thema wissenschaftlich zu untersuchen. Auf Bundesebene fordert Bremen einen Aktionsplan gegen Homo-, Trans- und Queerfeindlichkeit und eine Verankerung des Verbots der Diskriminierung aufgrund von sexueller Orientierung im Grundgesetz. Wir Gr\u00fcne freuen uns \u00fcber diesen Beschluss und setzen uns f\u00fcr eine z\u00fcgige Umsetzung ein.<\/p>\n<p>Denn queere Rechte sind Menschenrechte! Gewalt, Diskriminierung und Rechtspopulismus d\u00fcrfen in demokratischen Gesellschaften keinen Platz haben. Wir Gr\u00fcne setzen uns f\u00fcr Akzeptanz, rechtliche Gleichstellung und f\u00fcr eine Vielfalt sexueller und geschlechtlicher Identit\u00e4ten ein.<\/p>\n<p><em>Hintergrund:<\/em><br \/>\n<em>Am 17. Mai 1990 strich die Weltgesundheitsorganisation Homosexualit\u00e4t von ihrer Liste der psychischen Krankheiten. Der IDAHOBITA* am 17. Mai erinnert an dieses Datum und besteht seit 16 Jahren als Aktionstag und soll auf die Diskriminierung und Verletzungen der Rechte von LGBTIAQ* aufmerksam machen und das Interesse an der weltweiten Arbeit f\u00fcr queere Rechte wecken.<\/em><\/p>\n","protected":false},"excerpt":{"rendered":"<p>Zum Internationalen Tag gegen Homo-, Bi-, Inter-, Trans- &amp; Asexuellenfeindlichkeit (IDAHOBITA*) am 17. Mai erkl\u00e4ren sich die Bremer Gr\u00fcnen solidarisch mit allen Betroffenen queerfeindlicher Diskriminierung und Gewalt. Gemeinsam streiten wir f\u00fcr eine Gesellschaft, in der Selbstbestimmung und Freiheit unabh\u00e4ngig von K\u00f6rper, Sexualit\u00e4t oder Geschlecht selbstverst\u00e4ndlich ist. Daher begr\u00fc\u00dfen wir den Beschluss der Bremischen B\u00fcrgerschaft von&#8230;<\/p>\n","protected":false},"author":139,"featured_media":0,"comment_status":"closed","ping_status":"closed","sticky":false,"template":"","format":"standard","meta":{"footnotes":""},"categories":[2],"tags":[80],"class_list":["post-5910","post","type-post","status-publish","format-standard","hentry","category-aktuelles","tag-queerpolitik"],"_links":{"self":[{"href":"https:\/\/wordpress44.gcms.verdigado.net\/alteseite\/wp-json\/wp\/v2\/posts\/5910","targetHints":{"allow":["GET"]}}],"collection":[{"href":"https:\/\/wordpress44.gcms.verdigado.net\/alteseite\/wp-json\/wp\/v2\/posts"}],"about":[{"href":"https:\/\/wordpress44.gcms.verdigado.net\/alteseite\/wp-json\/wp\/v2\/types\/post"}],"author":[{"embeddable":true,"href":"https:\/\/wordpress44.gcms.verdigado.net\/alteseite\/wp-json\/wp\/v2\/users\/139"}],"replies":[{"embeddable":true,"href":"https:\/\/wordpress44.gcms.verdigado.net\/alteseite\/wp-json\/wp\/v2\/comments?post=5910"}],"version-history":[{"count":1,"href":"https:\/\/wordpress44.gcms.verdigado.net\/alteseite\/wp-json\/wp\/v2\/posts\/5910\/revisions"}],"predecessor-version":[{"id":5911,"href":"https:\/\/wordpress44.gcms.verdigado.net\/alteseite\/wp-json\/wp\/v2\/posts\/5910\/revisions\/5911"}],"wp:attachment":[{"href":"https:\/\/wordpress44.gcms.verdigado.net\/alteseite\/wp-json\/wp\/v2\/media?parent=5910"}],"wp:term":[{"taxonomy":"category","embeddable":true,"href":"https:\/\/wordpress44.gcms.verdigado.net\/alteseite\/wp-json\/wp\/v2\/categories?post=5910"},{"taxonomy":"post_tag","embeddable":true,"href":"https:\/\/wordpress44.gcms.verdigado.net\/alteseite\/wp-json\/wp\/v2\/tags?post=5910"}],"curies":[{"name":"wp","href":"https:\/\/api.w.org\/{rel}","templated":true}]}}