{"id":5320,"date":"2021-03-31T09:56:10","date_gmt":"2021-03-31T07:56:10","guid":{"rendered":"https:\/\/gruene-bremen.de\/?p=5320"},"modified":"2021-03-31T13:34:19","modified_gmt":"2021-03-31T11:34:19","slug":"landesvorsitzende-und-lag-queer-fordern-eine-bessere-gesundheitsversorgung-fuer-transpersonen","status":"publish","type":"post","link":"https:\/\/wordpress44.gcms.verdigado.net\/alteseite\/landesvorsitzende-und-lag-queer-fordern-eine-bessere-gesundheitsversorgung-fuer-transpersonen\/","title":{"rendered":"Landesvorsitzende und LAG Queer fordern eine bessere Gesundheitsversorgung f\u00fcr Trans*Personen"},"content":{"rendered":"<p>Heute ist Transgender Day of Visibility, der internationale Tag der Sichtbarkeit von Trans*Personen. Seit 2009 wird an diesem Tag auf die Diskriminierung von trans* und nicht-bin\u00e4ren Personen aufmerksam gemacht. Aber wir feiern am Mittwoch auch die Erfolge der vergangenen Jahre.<\/p>\n<p>Trans*-Rechte gehen uns alle an, daher fordern wir am heutigen Tag die Abschaffung des TSG (Transsexuellengesetz). Deutschland braucht endlich ein Gesetz, das ohne Schikane die Selbstbestimmung aller trans*, inter* und nicht-bin\u00e4ren Personen erm\u00f6glicht, unabh\u00e4ngig von Gutachten und Gerichten.<\/p>\n<p>Trans*Personen in Deutschland m\u00fcssen viele H\u00fcrden \u00fcberwinden. Wer Namen und Personenstand \u00e4ndern m\u00f6chte, braucht daf\u00fcr zwei Gutachten von Sachverst\u00e4ndigen. So steht es im Transsexuellengesetz von 1980. Dieser Prozess dauert mehrere Monate und die hohen Kosten m\u00fcssen die Betroffenen selbst tragen. Wir m\u00fcssen Pathologisierung und Fremdbestimmung der Trans*Personen beenden und das veraltete diskriminierende Transsexuellengesetz durch ein neues Selbstbestimmungsgesetz ersetzen. Wichtig dabei ist die Abschaffung der Gutachtenpflicht f\u00fcr die rechtliche Anerkennung der geschlechtlichen Identit\u00e4t.<\/p>\n<p>Au\u00dferdem muss die Gesundheitsversorgung von trans*, inter* und nicht-bin\u00e4ren Menschen gesichert und weiter verbessert werden. Das gilt auch f\u00fcr die Versorgung im Land Bremen, die in den vergangenen Jahren eher schlechter als besser geworden ist.<\/p>\n<p>&#8222;Wir brauchen eine Gesundheitsversorgung, ohne daf\u00fcr nach Hamburg oder Hannover pendeln zu m\u00fcssen und wir brauchen offene, qualifizierte und einf\u00fchlsame Behandler*innen, die nicht in veralteten bin\u00e4ren Geschlechterbildern verhaftet sind&#8220;, so Maike-Sophie Mittelst\u00e4dt, Mitglied des Landesvorstands B\u00dcNDNIS 90\/DIE GR\u00dcNEN Bremen und <a href=\"https:\/\/gruene-bremen.de\/gliederung\/lag-queer\/\" target=\"_blank\" rel=\"noopener\">Landesarbeitsgemeinschaft Queer<\/a>.<\/p>\n<p>Das Ziel einer offenen, freien und gleichberechtigten Gesellschaft erreichen wir nur, wenn wir schon in den Schulen anfangen: Die Lehramtsausbildung muss queer- und gendersensibel werden. Dar\u00fcber hinaus muss Diversit\u00e4t in den Schulen gef\u00f6rdert und gelebt werden. Das bedeutet, dass trans*, nicht-bin\u00e4re und inter* Sch\u00fcler*innen in jeder Hinsicht unterst\u00fctzt und empowered werden sollten.<\/p>\n<p>Die trans*, inter* und nicht-bin\u00e4re Personen leiden sehr stark unter der Pandemie. Ausgangsbeschr\u00e4nkungen, Kontaktverbote und die weitreichende Schlie\u00dfung von Einrichtungen f\u00fchrten zum R\u00fcckzug aus dem \u00f6ffentlichen Raum und zu genereller Abnahme sozialer Kontakte. Auch weil sie h\u00e4ufig in einer Wahlfamilie leben, statt in einer Herkunftsfamilie und dies bei den Ma\u00dfnahmen nicht mit bedacht wird. Wir m\u00fcssen alles daf\u00fcr tun, dass Vielfalt und Respekt auch in Pandemiezeiten systemrelevant bleiben!<\/p>\n<p>Das Land Bremen hat in den vergangenen Jahren viele wichtige Schritte unternommen: Die Beratungsstrukturen f\u00fcr trans*, inter* und nicht-bin\u00e4re Personen wurden ausgebaut, es wurde ein neuer F\u00f6rdertopf f\u00fcr queere Kulturprojekte eingerichtet, der <a href=\"https:\/\/www.soziales.bremen.de\/jugend_familie\/detail.php?gsid=bremen69.c.99085.de\" target=\"_blank\" rel=\"noopener\">Queerpolitische Beirat wurde ins Leben gerufen, es wurde eine Stelle im Sozialressort f\u00fcr die dortige queerpolitische Koordination geschaffen<\/a> und vieles mehr.<\/p>\n<p>Es ist wichtig, dass dieser Weg weiter beschritten wird und Queerpolitik als Querschnittsaufgabe in allen Ressorts verankert wird. Die Unterst\u00fctzung queerer Projekte und Initiativen muss kontinuierlich erweitert werden. Dabei ist die Sichtbarkeit von trans*, inter* und nicht-bin\u00e4ren Personen in unserer Gesellschaft von besonderer Bedeutung.<\/p>\n<p><em>Landesvorstandssprecher*innen Alexandra Werwath und Florian Pfeffer sowie die <a href=\"https:\/\/gruene-bremen.de\/gliederung\/lag-queer\/\" target=\"_blank\" rel=\"noopener\">Landesarbeitsgemeinschaft Queer<\/a> zum Transgender Day of Visibility 2021<\/em><\/p>\n","protected":false},"excerpt":{"rendered":"<p>Heute ist Transgender Day of Visibility, der internationale Tag der Sichtbarkeit von Trans*Personen. Seit 2009 wird an diesem Tag auf die Diskriminierung von trans* und nicht-bin\u00e4ren Personen aufmerksam gemacht. Aber wir feiern am Mittwoch auch die Erfolge der vergangenen Jahre. Trans*-Rechte gehen uns alle an, daher fordern wir am heutigen Tag die Abschaffung des TSG&#8230;<\/p>\n","protected":false},"author":144,"featured_media":5326,"comment_status":"closed","ping_status":"closed","sticky":false,"template":"","format":"chat","meta":{"footnotes":""},"categories":[2,184,6],"tags":[80],"class_list":["post-5320","post","type-post","status-publish","format-chat","has-post-thumbnail","hentry","category-aktuelles","category-instagram","category-presse","tag-queerpolitik","post_format-post-format-chat"],"_links":{"self":[{"href":"https:\/\/wordpress44.gcms.verdigado.net\/alteseite\/wp-json\/wp\/v2\/posts\/5320","targetHints":{"allow":["GET"]}}],"collection":[{"href":"https:\/\/wordpress44.gcms.verdigado.net\/alteseite\/wp-json\/wp\/v2\/posts"}],"about":[{"href":"https:\/\/wordpress44.gcms.verdigado.net\/alteseite\/wp-json\/wp\/v2\/types\/post"}],"author":[{"embeddable":true,"href":"https:\/\/wordpress44.gcms.verdigado.net\/alteseite\/wp-json\/wp\/v2\/users\/144"}],"replies":[{"embeddable":true,"href":"https:\/\/wordpress44.gcms.verdigado.net\/alteseite\/wp-json\/wp\/v2\/comments?post=5320"}],"version-history":[{"count":3,"href":"https:\/\/wordpress44.gcms.verdigado.net\/alteseite\/wp-json\/wp\/v2\/posts\/5320\/revisions"}],"predecessor-version":[{"id":5323,"href":"https:\/\/wordpress44.gcms.verdigado.net\/alteseite\/wp-json\/wp\/v2\/posts\/5320\/revisions\/5323"}],"wp:featuredmedia":[{"embeddable":true,"href":"https:\/\/wordpress44.gcms.verdigado.net\/alteseite\/wp-json\/wp\/v2\/media\/5326"}],"wp:attachment":[{"href":"https:\/\/wordpress44.gcms.verdigado.net\/alteseite\/wp-json\/wp\/v2\/media?parent=5320"}],"wp:term":[{"taxonomy":"category","embeddable":true,"href":"https:\/\/wordpress44.gcms.verdigado.net\/alteseite\/wp-json\/wp\/v2\/categories?post=5320"},{"taxonomy":"post_tag","embeddable":true,"href":"https:\/\/wordpress44.gcms.verdigado.net\/alteseite\/wp-json\/wp\/v2\/tags?post=5320"}],"curies":[{"name":"wp","href":"https:\/\/api.w.org\/{rel}","templated":true}]}}