{"id":5030,"date":"2021-02-17T15:00:18","date_gmt":"2021-02-17T14:00:18","guid":{"rendered":"https:\/\/gruene-bremen.de\/?p=5030"},"modified":"2021-02-18T16:46:26","modified_gmt":"2021-02-18T15:46:26","slug":"bremens-erstes-kita-einstiegshaus-beschlossen","status":"publish","type":"post","link":"https:\/\/wordpress44.gcms.verdigado.net\/alteseite\/bremens-erstes-kita-einstiegshaus-beschlossen\/","title":{"rendered":"Bremens erstes Kita-Einstiegshaus beschlossen"},"content":{"rendered":"<p>In Gr\u00f6pelingen soll Bremens erstes Kita-Einstiegshaus entstehen. Das hat die Deputation f\u00fcr Kinder und Bildung heute (17.02.2021) beschlossen. In der Einrichtung wird der Fokus auf Beratungs- und Bildungsangeboten f\u00fcr Familien im Quartier mit Kindern von 0 bis 6 Jahren zur Vorbereitung auf Kita und Schule liegen. Schwerpunkte sind Sprachbildung und Sprachf\u00f6rderung. Solveig Eschen, kinderpolitische Sprecherin der Gr\u00fcnen, erkl\u00e4rt dazu: \u201eMit dem Kita-Einstiegshaus betreten wir vielversprechendes Neuland in der fr\u00fchkindlichen Bildung. Bremen schafft in Gr\u00f6pelingen das erste Bildungs-Haus, das Kinder gezielt auf den Besuch einer Kita vorbereitet und damit den Einstieg erheblich erleichtert. Das Ziel ist, Eltern und Kindern mit besonderen Zugangsschwierigkeiten den Einstieg in das System der fr\u00fchkindlichen Bildung, Betreuung und Erziehung zu erm\u00f6glichen. Im Mittelpunkt steht dabei der Austausch mit den Familien.\u201c<\/p>\n<p>Nach dem Willen der Gr\u00fcnen sollen weitere Einrichtungen folgen. Solveig Eschen betont: \u201eAuch andere Stadtteile w\u00fcrden von diesem Bildungsangebot profitieren. Die fr\u00fchkindliche Bildung ist der Ausgangspunkt f\u00fcr eine gelungene Bildungsbiografie. Jedes Kind, dem ein guter Start erm\u00f6glicht wird, profitiert davon f\u00fcr den Rest seines Lebens.&#8220;<\/p>\n<p>Zum Hintergrund: Gr\u00f6pelingen hat die niedrigste Abiturquote aller Stadtteile in Bremen. W\u00e4hrend rund 67 Prozent der Kinder in Gr\u00f6pelingen ein Jahr vor ihrer Einschulung einen Sprachf\u00f6rderbedarf haben, bringt eine hohe Anzahl von Kindern schon vor der Einschulung einen sonderp\u00e4dagogischen F\u00f6rderbedarf mit. Die H\u00e4ufung von Problemlagen im Stadtteil und in den einzelnen Familien wirkt sich auch auf die fr\u00fchkindliche Bildung und Betreuung in den Gr\u00f6pelinger Kitas aus. Tr\u00e4ger des geplanten Einstiegshauses ist der Verein \u201eQuirl Kinderh\u00e4user\u201c.<\/p>\n","protected":false},"excerpt":{"rendered":"<p>In Gr\u00f6pelingen soll Bremens erstes Kita-Einstiegshaus entstehen. Das hat die Deputation f\u00fcr Kinder und Bildung heute (17.02.2021) beschlossen. In der Einrichtung wird der Fokus auf Beratungs- und Bildungsangeboten f\u00fcr Familien im Quartier mit Kindern von 0 bis 6 Jahren zur Vorbereitung auf Kita und Schule liegen. Schwerpunkte sind Sprachbildung und Sprachf\u00f6rderung. Solveig Eschen, kinderpolitische Sprecherin&#8230;<\/p>\n","protected":false},"author":144,"featured_media":451,"comment_status":"closed","ping_status":"closed","sticky":false,"template":"","format":"chat","meta":{"footnotes":""},"categories":[2,6],"tags":[57],"class_list":["post-5030","post","type-post","status-publish","format-chat","has-post-thumbnail","hentry","category-aktuelles","category-presse","tag-kinder","post_format-post-format-chat"],"_links":{"self":[{"href":"https:\/\/wordpress44.gcms.verdigado.net\/alteseite\/wp-json\/wp\/v2\/posts\/5030","targetHints":{"allow":["GET"]}}],"collection":[{"href":"https:\/\/wordpress44.gcms.verdigado.net\/alteseite\/wp-json\/wp\/v2\/posts"}],"about":[{"href":"https:\/\/wordpress44.gcms.verdigado.net\/alteseite\/wp-json\/wp\/v2\/types\/post"}],"author":[{"embeddable":true,"href":"https:\/\/wordpress44.gcms.verdigado.net\/alteseite\/wp-json\/wp\/v2\/users\/144"}],"replies":[{"embeddable":true,"href":"https:\/\/wordpress44.gcms.verdigado.net\/alteseite\/wp-json\/wp\/v2\/comments?post=5030"}],"version-history":[{"count":1,"href":"https:\/\/wordpress44.gcms.verdigado.net\/alteseite\/wp-json\/wp\/v2\/posts\/5030\/revisions"}],"predecessor-version":[{"id":5031,"href":"https:\/\/wordpress44.gcms.verdigado.net\/alteseite\/wp-json\/wp\/v2\/posts\/5030\/revisions\/5031"}],"wp:featuredmedia":[{"embeddable":true,"href":"https:\/\/wordpress44.gcms.verdigado.net\/alteseite\/wp-json\/wp\/v2\/media\/451"}],"wp:attachment":[{"href":"https:\/\/wordpress44.gcms.verdigado.net\/alteseite\/wp-json\/wp\/v2\/media?parent=5030"}],"wp:term":[{"taxonomy":"category","embeddable":true,"href":"https:\/\/wordpress44.gcms.verdigado.net\/alteseite\/wp-json\/wp\/v2\/categories?post=5030"},{"taxonomy":"post_tag","embeddable":true,"href":"https:\/\/wordpress44.gcms.verdigado.net\/alteseite\/wp-json\/wp\/v2\/tags?post=5030"}],"curies":[{"name":"wp","href":"https:\/\/api.w.org\/{rel}","templated":true}]}}