{"id":4894,"date":"2021-01-25T11:02:08","date_gmt":"2021-01-25T10:02:08","guid":{"rendered":"https:\/\/gruene-bremen.de\/?p=4894"},"modified":"2021-02-02T11:27:12","modified_gmt":"2021-02-02T10:27:12","slug":"beschluss-beim-digitalen-parteitag-delegation-in-den-diversitaetsrat","status":"publish","type":"post","link":"https:\/\/wordpress44.gcms.verdigado.net\/alteseite\/beschluss-beim-digitalen-parteitag-delegation-in-den-diversitaetsrat\/","title":{"rendered":"Beschluss beim digitalen Parteitag: Delegation in den Diversit\u00e4tsrat"},"content":{"rendered":"<ol>\n<li>Die Landesmitgliederversammlung w\u00e4hlt zwei Delegierte und zwei Ersatzdelegierte f\u00fcr den Diversit\u00e4tsrat.<\/li>\n<li>Bei der Delegation ist die Repr\u00e4sentanz der Vielfalt der Gesellschaft zu beachten. Die Delegation ist mindestquotiert zu w\u00e4hlen.<\/li>\n<li>Die Delegierten m\u00fcssen Mitglieder der Partei B\u00dcNDNIS 90\/DIE GR\u00dcNEN sein.<\/li>\n<li>Die Amtszeit der Mitglieder im Diversit\u00e4tsrat betr\u00e4gt zwei Jahre. Eine Wiederwahl ist m\u00f6glich.<\/li>\n<li>Die Delegierten berichten dem Landesverband regelm\u00e4\u00dfig und in geeigneter Weise \u00fcber die Arbeit des Diversit\u00e4tsrates, um die Verankerung des Diversit\u00e4tsprinzips und die St\u00e4rkung benachteiligter gesellschaftlicher Personen bzw. Gruppen im Landesverband zu f\u00f6rdern.<\/li>\n<\/ol>\n<p>Mehr zum <a href=\"https:\/\/gruene-bremen.de\/partei\/vielfaltsstatut-und-diversitaetsrat\/\" target=\"_blank\" rel=\"noopener\">Diversit\u00e4tsrat und dem Vielfaltsstatut<\/a> lesen Sie hier.<\/p>\n<p>Sahhanim G\u00f6rg\u00fc-Philipp, Abgeordnete der Gr\u00fcnen Fraktion, wurde mit 79 von 83 Stimmen gew\u00e4hlt und Rafael Schyska mit 79 von 86 Stimmen. Kai Wargalla, Abgeordnete der Gr\u00fcnen-Fraktion, wurde mit 64 von 77 Stimmen und Thomas P\u00f6rschke mit 49 von 81 Stimmen als Stellvertreter*innen gew\u00e4hlt.<\/p>\n<p>\u201eMit der Einf\u00fchrung eines Diversit\u00e4tsrats wollen wir in der Partei sicherstellen, dass wir politische Repr\u00e4sentation und Teilhabe f\u00fcr alle Menschen sichern und strukturelle H\u00fcrden und Barrieren abbauen. Der Beschluss des Vielfaltsstatuts bei der Bundesdelegiertenkonferenz soll einen langfristigen und umfassenden Prozess innerhalb unserer Partei ansto\u00dfen, der Diskriminierungsmechanismen sichtbar macht und ihnen entgegentritt sowie die St\u00e4rkung gesellschaftlich Benachteiligter zum Ziel hat\u201c, so Alexandra Werwath.<\/p>\n","protected":false},"excerpt":{"rendered":"<p>Die Landesmitgliederversammlung w\u00e4hlt zwei Delegierte und zwei Ersatzdelegierte f\u00fcr den Diversit\u00e4tsrat. Bei der Delegation ist die Repr\u00e4sentanz der Vielfalt der Gesellschaft zu beachten. Die Delegation ist mindestquotiert zu w\u00e4hlen. Die Delegierten m\u00fcssen Mitglieder der Partei B\u00dcNDNIS 90\/DIE GR\u00dcNEN sein. Die Amtszeit der Mitglieder im Diversit\u00e4tsrat betr\u00e4gt zwei Jahre. Eine Wiederwahl ist m\u00f6glich. Die Delegierten berichten&#8230;<\/p>\n","protected":false},"author":144,"featured_media":0,"comment_status":"closed","ping_status":"closed","sticky":false,"template":"","format":"chat","meta":{"footnotes":""},"categories":[3],"tags":[70],"class_list":["post-4894","post","type-post","status-publish","format-chat","hentry","category-beschluesse","tag-lmv-beschluss","post_format-post-format-chat"],"_links":{"self":[{"href":"https:\/\/wordpress44.gcms.verdigado.net\/alteseite\/wp-json\/wp\/v2\/posts\/4894","targetHints":{"allow":["GET"]}}],"collection":[{"href":"https:\/\/wordpress44.gcms.verdigado.net\/alteseite\/wp-json\/wp\/v2\/posts"}],"about":[{"href":"https:\/\/wordpress44.gcms.verdigado.net\/alteseite\/wp-json\/wp\/v2\/types\/post"}],"author":[{"embeddable":true,"href":"https:\/\/wordpress44.gcms.verdigado.net\/alteseite\/wp-json\/wp\/v2\/users\/144"}],"replies":[{"embeddable":true,"href":"https:\/\/wordpress44.gcms.verdigado.net\/alteseite\/wp-json\/wp\/v2\/comments?post=4894"}],"version-history":[{"count":1,"href":"https:\/\/wordpress44.gcms.verdigado.net\/alteseite\/wp-json\/wp\/v2\/posts\/4894\/revisions"}],"predecessor-version":[{"id":4895,"href":"https:\/\/wordpress44.gcms.verdigado.net\/alteseite\/wp-json\/wp\/v2\/posts\/4894\/revisions\/4895"}],"wp:attachment":[{"href":"https:\/\/wordpress44.gcms.verdigado.net\/alteseite\/wp-json\/wp\/v2\/media?parent=4894"}],"wp:term":[{"taxonomy":"category","embeddable":true,"href":"https:\/\/wordpress44.gcms.verdigado.net\/alteseite\/wp-json\/wp\/v2\/categories?post=4894"},{"taxonomy":"post_tag","embeddable":true,"href":"https:\/\/wordpress44.gcms.verdigado.net\/alteseite\/wp-json\/wp\/v2\/tags?post=4894"}],"curies":[{"name":"wp","href":"https:\/\/api.w.org\/{rel}","templated":true}]}}