{"id":4892,"date":"2021-01-25T10:58:38","date_gmt":"2021-01-25T09:58:38","guid":{"rendered":"https:\/\/gruene-bremen.de\/?p=4892"},"modified":"2021-02-11T11:37:20","modified_gmt":"2021-02-11T10:37:20","slug":"beschluss-beim-digitalen-parteitag-einsetzung-einer-bildungskommission-fuer-das-land-bremen","status":"publish","type":"post","link":"https:\/\/wordpress44.gcms.verdigado.net\/alteseite\/beschluss-beim-digitalen-parteitag-einsetzung-einer-bildungskommission-fuer-das-land-bremen\/","title":{"rendered":"Beschluss beim digitalen Parteitag: Einsetzung einer Bildungskommission f\u00fcr das Land Bremen"},"content":{"rendered":"<p>Die Landesmitgliederversammlung beschlie\u00dft, eine Kommission zum Thema Zukunft der Bildung unter Leitung der beiden Landesvorstandsmitglieder Alexandra Werwath und Sona Terlohr einzusetzen, die ein umfassendes Konzept zur gr\u00fcnen Bildungspolitik der Zukunft erarbeitet und einen ersten Zwischenbericht als Aufschlag im Sp\u00e4tsommer 2021 vorlegt. Dieser Bericht soll Diskussionsgrundlage f\u00fcr die weitere innerparteiliche Diskussion sein.<\/p>\n<p>Die finale Beschlussfassung soll auf der Landesmitgliederversammlung im Fr\u00fchjahr 2022 sein. Die Kommission setzt sich aus Akteur*innen in Partei (Landesarbeitsgemeinschaften, GR\u00dcNE JUGEND, Bremerhaven) und Fraktion zusammen. Die Kommissionsarbeit ist verbunden mit einem zentralen und dezentralen Beteiligungsprozess der gesamten Partei, bei dem die unterschiedlichen Ebenen sowie die Mitglieder kontinuierlich eingebunden und geh\u00f6rt werden.<\/p>\n<p>Die konkrete Besetzung sowie die Bestimmung der Beteiligungsma\u00dfnahmen nimmt der Landesvorstand in R\u00fccksprache mit den beteiligten parteiinternen Gruppen vor. In diesem breiten Prozess sollen gezielt auch Fachleute aus Wissenschaft und Praxis einbezogen werden.<\/p>\n<p><a href=\"https:\/\/lmv2021bremen.antragsgruen.de\/lmv2021bremen\/einsetzung_einer_bildungskommission_fuer_das_land_bremen-44461\" target=\"_blank\" rel=\"noopener\">Hier k\u00f6nnen Sie den kompletten Antrag noch mal nachlesen.<\/a><\/p>\n","protected":false},"excerpt":{"rendered":"<p>Die Landesmitgliederversammlung beschlie\u00dft, eine Kommission zum Thema Zukunft der Bildung unter Leitung der beiden Landesvorstandsmitglieder Alexandra Werwath und Sona Terlohr einzusetzen, die ein umfassendes Konzept zur gr\u00fcnen Bildungspolitik der Zukunft erarbeitet und einen ersten Zwischenbericht als Aufschlag im Sp\u00e4tsommer 2021 vorlegt. Dieser Bericht soll Diskussionsgrundlage f\u00fcr die weitere innerparteiliche Diskussion sein. Die finale Beschlussfassung soll&#8230;<\/p>\n","protected":false},"author":144,"featured_media":0,"comment_status":"closed","ping_status":"closed","sticky":false,"template":"","format":"chat","meta":{"footnotes":""},"categories":[3,184],"tags":[70],"class_list":["post-4892","post","type-post","status-publish","format-chat","hentry","category-beschluesse","category-instagram","tag-lmv-beschluss","post_format-post-format-chat"],"_links":{"self":[{"href":"https:\/\/wordpress44.gcms.verdigado.net\/alteseite\/wp-json\/wp\/v2\/posts\/4892","targetHints":{"allow":["GET"]}}],"collection":[{"href":"https:\/\/wordpress44.gcms.verdigado.net\/alteseite\/wp-json\/wp\/v2\/posts"}],"about":[{"href":"https:\/\/wordpress44.gcms.verdigado.net\/alteseite\/wp-json\/wp\/v2\/types\/post"}],"author":[{"embeddable":true,"href":"https:\/\/wordpress44.gcms.verdigado.net\/alteseite\/wp-json\/wp\/v2\/users\/144"}],"replies":[{"embeddable":true,"href":"https:\/\/wordpress44.gcms.verdigado.net\/alteseite\/wp-json\/wp\/v2\/comments?post=4892"}],"version-history":[{"count":2,"href":"https:\/\/wordpress44.gcms.verdigado.net\/alteseite\/wp-json\/wp\/v2\/posts\/4892\/revisions"}],"predecessor-version":[{"id":4968,"href":"https:\/\/wordpress44.gcms.verdigado.net\/alteseite\/wp-json\/wp\/v2\/posts\/4892\/revisions\/4968"}],"wp:attachment":[{"href":"https:\/\/wordpress44.gcms.verdigado.net\/alteseite\/wp-json\/wp\/v2\/media?parent=4892"}],"wp:term":[{"taxonomy":"category","embeddable":true,"href":"https:\/\/wordpress44.gcms.verdigado.net\/alteseite\/wp-json\/wp\/v2\/categories?post=4892"},{"taxonomy":"post_tag","embeddable":true,"href":"https:\/\/wordpress44.gcms.verdigado.net\/alteseite\/wp-json\/wp\/v2\/tags?post=4892"}],"curies":[{"name":"wp","href":"https:\/\/api.w.org\/{rel}","templated":true}]}}