{"id":4454,"date":"2020-12-18T09:40:18","date_gmt":"2020-12-18T08:40:18","guid":{"rendered":"https:\/\/gruene-bremen.de\/?p=4454"},"modified":"2020-12-18T09:40:18","modified_gmt":"2020-12-18T08:40:18","slug":"koalition-will-den-oeffentlichen-gesundheitsdienst-staerken","status":"publish","type":"post","link":"https:\/\/wordpress44.gcms.verdigado.net\/alteseite\/koalition-will-den-oeffentlichen-gesundheitsdienst-staerken\/","title":{"rendered":"Koalition will den \u00d6ffentlichen Gesundheitsdienst st\u00e4rken"},"content":{"rendered":"<div dir=\"ltr\">Das Bremer Regierungsb\u00fcndnis will auf gr\u00fcne Initiative den \u00d6ffentlichen Gesundheitsdienst \u00fcber die Corona-Pandemie hinaus deutlich st\u00e4rken. Einen entsprechenden Antrag hat der Landtag heute auf gr\u00fcne Initiative beschlossen. Der Senat ist damit aufgefordert, daf\u00fcr ein Strategiekonzept aufzulegen. Konkret sollen die Aufgaben des Gesundheitsdienstes an die demographische Entwicklung und zunehmende Diversit\u00e4t der Gesellschaft angepasst werden. Voraussetzung daf\u00fcr ist, die chronische Unterfinanzierung und Unterbesetzung der Gesundheits\u00e4mter zu \u00fcberwinden. So d\u00fcrfen z.B. die Geh\u00e4lter f\u00fcr amts\u00e4rztliche T\u00e4tigkeiten nicht l\u00e4nger unter denen in kommunalen Kliniken liegen. Au\u00dferdem soll die Gesundheitsf\u00f6rderung in einzelnen Quartieren mit besonderen Problemlagen st\u00e4rker vorangetrieben werden. Nicht zuletzt m\u00f6chte die Gr\u00fcnen-Fraktion Kooperationen zwischen der Wissenschaft an den Hochschulen und dem Gesundheitsdienst ausweiten. Die Gegenfinanzierung will die Koalition zum einen durch den Bremen-Fonds sichergestellt wissen, zum anderen aber auch durch das Abrufen und die Ko-Finanzierung von Bundesmitteln aus dem \u201aPakt f\u00fcr den \u00d6ffentlichen Gesundheitsdienst\u2019.<\/p>\n<p>Damit alle Menschen in Bremen und Bremerhaven m\u00f6glichst gleiche Chancen auf ein langes und gesundes Leben haben, muss der \u00d6ffentliche Gesundheitsdienst personell und konzeptionell auf ein solides Fundament gestellt werden, \u00a0betont die gesundheitspolitische Sprecherin Ilona Osterkamp-Weber: \u201eDie Covid-19-Pandemie zeigt uns auf tragische Weise die gro\u00dfe Bedeutung des \u00d6ffentlichen Gesundheitsdienstes f\u00fcr unsere Gesellschaft. Gleichzeitig legt die Pandemie schonungslos offen, wie fragil das System ist. Der \u00d6ffentliche Gesundheitsdienst muss gesunde Lebensverh\u00e4ltnisse \u00fcberall dort herstellen und sichern, wo dies dem \u00fcbrigen Gesundheitssystem nur unzureichend gelingt. Sowohl die Bedarfe unserer immer vielf\u00e4ltiger werdenden Gesellschaft als auch die Leistungsf\u00e4higkeit unseres Gesundheitssystems haben sich in den letzten Jahrzehnten erheblich ver\u00e4ndert. Im Land Bremen und auf Bundesebene werden zur St\u00e4rkung der Gesundheits\u00e4mter in den kommenden Jahren erhebliche Gelder zur Verf\u00fcgung gestellt. Daher ist jetzt der richtige Zeitpunkt, eine Strategie f\u00fcr das Land Bremen zu erstellen, die aufzeigt, wie sich der \u00d6ffentliche Gesundheitsdienst in Zukunft konzeptionell, strukturell, personell und qualifiziert aufstellen soll. Nur wenn jetzt die richtigen Schritte geplant und umgesetzt werden, kann es eine sichere \u00f6ffentliche Gesundheitsversorgung geben, die alle Menschen im Land Bremen erreicht.\u201c<\/p>\n<div>Der \u00d6ffentliche Gesundheitsdienst mit den Gesundheits\u00e4mtern in Bremen und Bremerhaven, dem Landesuntersuchungsamt und dem Lebensmittel\u00fcberwachungs-, Tierschutz- und Veterin\u00e4rdienst ist f\u00fcr zahlreiche Aufgaben zust\u00e4ndig. Dazu geh\u00f6ren die gesundheitliche Aufkl\u00e4rung, Schuleingangsuntersuchungen, Schulimpfungen, Hygienekontrollen in Kliniken und Gemeinschaftseinrichtungen ebenso wie zahn\u00e4rztliche Prophylaxe bei Kindern, Suchtkrankenhilfe, Reisemedizinische Beratung oder auch der Infektionsschutz, die Arzneimittel\u00fcberwachung, Lebensmittel\u00fcberwachung und Tierseuchenbek\u00e4mpfung. Der Gesundheitsdienst stellt Familien-Hebammen und Gesundheitskr\u00e4fte f\u00fcr Schulen und bietet die Humanit\u00e4re Sprechstunde sowie Prostituiertenberatung an.<\/div>\n<\/div>\n","protected":false},"excerpt":{"rendered":"<p>Das Bremer Regierungsb\u00fcndnis will auf gr\u00fcne Initiative den \u00d6ffentlichen Gesundheitsdienst \u00fcber die Corona-Pandemie hinaus deutlich st\u00e4rken. Einen entsprechenden Antrag hat der Landtag heute auf gr\u00fcne Initiative beschlossen. Der Senat ist damit aufgefordert, daf\u00fcr ein Strategiekonzept aufzulegen. Konkret sollen die Aufgaben des Gesundheitsdienstes an die demographische Entwicklung und zunehmende Diversit\u00e4t der Gesellschaft angepasst werden. Voraussetzung daf\u00fcr&#8230;<\/p>\n","protected":false},"author":144,"featured_media":475,"comment_status":"closed","ping_status":"closed","sticky":false,"template":"","format":"chat","meta":{"footnotes":""},"categories":[2,6],"tags":[45],"class_list":["post-4454","post","type-post","status-publish","format-chat","has-post-thumbnail","hentry","category-aktuelles","category-presse","tag-gesundheitspolitik","post_format-post-format-chat"],"_links":{"self":[{"href":"https:\/\/wordpress44.gcms.verdigado.net\/alteseite\/wp-json\/wp\/v2\/posts\/4454","targetHints":{"allow":["GET"]}}],"collection":[{"href":"https:\/\/wordpress44.gcms.verdigado.net\/alteseite\/wp-json\/wp\/v2\/posts"}],"about":[{"href":"https:\/\/wordpress44.gcms.verdigado.net\/alteseite\/wp-json\/wp\/v2\/types\/post"}],"author":[{"embeddable":true,"href":"https:\/\/wordpress44.gcms.verdigado.net\/alteseite\/wp-json\/wp\/v2\/users\/144"}],"replies":[{"embeddable":true,"href":"https:\/\/wordpress44.gcms.verdigado.net\/alteseite\/wp-json\/wp\/v2\/comments?post=4454"}],"version-history":[{"count":1,"href":"https:\/\/wordpress44.gcms.verdigado.net\/alteseite\/wp-json\/wp\/v2\/posts\/4454\/revisions"}],"predecessor-version":[{"id":4455,"href":"https:\/\/wordpress44.gcms.verdigado.net\/alteseite\/wp-json\/wp\/v2\/posts\/4454\/revisions\/4455"}],"wp:featuredmedia":[{"embeddable":true,"href":"https:\/\/wordpress44.gcms.verdigado.net\/alteseite\/wp-json\/wp\/v2\/media\/475"}],"wp:attachment":[{"href":"https:\/\/wordpress44.gcms.verdigado.net\/alteseite\/wp-json\/wp\/v2\/media?parent=4454"}],"wp:term":[{"taxonomy":"category","embeddable":true,"href":"https:\/\/wordpress44.gcms.verdigado.net\/alteseite\/wp-json\/wp\/v2\/categories?post=4454"},{"taxonomy":"post_tag","embeddable":true,"href":"https:\/\/wordpress44.gcms.verdigado.net\/alteseite\/wp-json\/wp\/v2\/tags?post=4454"}],"curies":[{"name":"wp","href":"https:\/\/api.w.org\/{rel}","templated":true}]}}