{"id":4397,"date":"2020-12-14T15:49:13","date_gmt":"2020-12-14T14:49:13","guid":{"rendered":"https:\/\/wordpress01.gcms.verdigado.net\/gruene-bremen\/?p=4397"},"modified":"2020-12-17T12:39:06","modified_gmt":"2020-12-17T11:39:06","slug":"beschluss-beim-digitalen-parteitag-klimanotlage-ernst-nehmen-klimaschutzmassnahmen-finanzieren","status":"publish","type":"post","link":"https:\/\/wordpress44.gcms.verdigado.net\/alteseite\/beschluss-beim-digitalen-parteitag-klimanotlage-ernst-nehmen-klimaschutzmassnahmen-finanzieren\/","title":{"rendered":"Beschluss beim digitalen Parteitag: &#8222;Klimanotlage ernst nehmen \u2013 Klimaschutzma\u00dfnahmen finanzieren!&#8220;"},"content":{"rendered":"<div id=\"section_9698_0\" class=\"paragraph lineNumbers\">\n<div class=\"text motionTextFormattings textOrig fixedWidthFont\">\n<p>Am 30. Januar 2020 hat die Bremische B\u00fcrgerschaft auf Initiative der GR\u00dcNEN-Fraktion die Klimanotlage f\u00fcr das Land Bremen ausgerufen und erkl\u00e4rt: Die bisherigen Klimaschutzanstrengungen Bremens reichen nicht aus, um die selbstgesteckten Klimaziele zu erreichen, sie sind nicht im Einklang mit dem Pariser Klimaschutzabkommen. Doch jedes Zehntel-Grad Erderw\u00e4rmung verst\u00e4rkt auf dramatische Weise bestehende gesellschaftliche und umweltpolitische Probleme wie die Bedrohung der Artenvielfalt und die Zerst\u00f6rung der Lebensgrundlagen hunderter Millionen Menschen, insbesondere im globalen S\u00fcden. Auch kommen wir Kipppunkten im Klimasystem, die zu einer Kettenreaktion immer st\u00e4rkerer Erw\u00e4rmung f\u00fchren k\u00f6nnen, immer n\u00e4her. Vor dem Hintergrund der existenziellen Bedrohungslage ist es notwendig, dem Klimaschutz durch das Ausrufen einer Notlage oberste Priorit\u00e4t im politischen Handeln einzur\u00e4umen.<\/p>\n<section class=\"privateParagraphNoteHolder\"><\/section>\n<\/div>\n<\/div>\n<div id=\"section_9698_1\" class=\"paragraph lineNumbers\">\n<div class=\"text motionTextFormattings textOrig fixedWidthFont\">\n<p>Bremen wird sein CO<sub>2<\/sub>-Einsparziel von 40 % bis 2020 nicht einhalten k\u00f6nnen, bis Ende 2020 wird Bremen nur etwa 20 % der CO<sub>2<\/sub>-Emissionen im Vergleich zu 1990 eingespart haben. Wir sind damit nicht auf Kurs Paris, geschweige denn auf Kurs 1,5 Grad, wie wir GR\u00dcNEN es gerade erst in unser Grundsatzprogramm geschrieben haben. So darf es nicht weiter gehen. Das im Koalitionsvertrag vereinbarte Ziel von 80 % CO<sub>2<\/sub>-Reduktion bis 2030 im Vergleich zu 1990 kann nur erreicht werden, wenn wesentliche Transformationsprozesse in den n\u00e4chsten neun Jahren nicht nur angesto\u00dfen, sondern auch umgesetzt werden. Die Weichen daf\u00fcr m\u00fcssen noch in dieser Legislaturperiode gestellt werden.<\/p>\n<section class=\"privateParagraphNoteHolder\"><\/section>\n<\/div>\n<\/div>\n<div id=\"section_9698_2\" class=\"paragraph lineNumbers\">\n<div class=\"text motionTextFormattings textOrig fixedWidthFont\">\n<p>Um dieser Verantwortung gerecht zu werden, sind neben mutigen politischen Entscheidungen erhebliche Investitionen in eine klimaneutrale Infrastruktur und entsprechendes Personal notwendig. So m\u00fcssen unter anderem Radwege und Stra\u00dfenbahngleise geplant und gebaut werden, Fuhrparks auf Elektromobilit\u00e4t umgestellt werden, \u00f6ffentliche Geb\u00e4ude saniert und mit Solaranlagen ausger\u00fcstet werden, begleitend zu einem Landesw\u00e4rmegesetz m\u00fcssen soziale H\u00e4rten ausgeglichen und F\u00f6rderangebote ausgeweitet werden.<\/p>\n<section class=\"privateParagraphNoteHolder\"><\/section>\n<\/div>\n<\/div>\n<div id=\"section_9698_3\" class=\"paragraph lineNumbers\">\n<div class=\"text motionTextFormattings textOrig fixedWidthFont\">\n<p><strong>Die Landesmitgliederversammlung von B\u00dcNDNIS 90\/DIE GR\u00dcNEN Bremen stellt fest: Der Einhaltung der Bremer Klimaschutzziele muss durch die Landesregierung h\u00f6chste Priorit\u00e4t einger\u00e4umt werden. F\u00fcr eine sozialvertr\u00e4gliche Transformation hin zu einem klimaneutralen Bremen m\u00fcssen erheblich h\u00f6here Investitionen des Landes und der Kommunen in Klimaschutzma\u00dfnahmen get\u00e4tigt werden.<\/strong><\/p>\n<section class=\"privateParagraphNoteHolder\"><\/section>\n<\/div>\n<\/div>\n<div id=\"section_9698_4\" class=\"paragraph lineNumbers\">\n<div class=\"text motionTextFormattings textOrig fixedWidthFont\">\n<p><strong>Die Landesmitgliederversammlung fordert die rot-gr\u00fcn-rote Landesregierung dazu auf, sich in den Haushaltsverhandlungen f\u00fcr die Jahre 2022\/2023 daf\u00fcr einzusetzen, Klimaschutz als Querschnittsaufgabe aller Senatsressorts gegen\u00fcber dem Status Quo finanziell, personell und strukturell deutlich zu st\u00e4rken und die daf\u00fcr vorgesehenen Haushaltsmittel erheblich zu erh\u00f6hen.<\/strong><\/p>\n<\/div>\n<\/div>\n","protected":false},"excerpt":{"rendered":"<p>Am 30. Januar 2020 hat die Bremische B\u00fcrgerschaft auf Initiative der GR\u00dcNEN-Fraktion die Klimanotlage f\u00fcr das Land Bremen ausgerufen und erkl\u00e4rt: Die bisherigen Klimaschutzanstrengungen Bremens reichen nicht aus, um die selbstgesteckten Klimaziele zu erreichen, sie sind nicht im Einklang mit dem Pariser Klimaschutzabkommen. Doch jedes Zehntel-Grad Erderw\u00e4rmung verst\u00e4rkt auf dramatische Weise bestehende gesellschaftliche und umweltpolitische&#8230;<\/p>\n","protected":false},"author":127,"featured_media":4394,"comment_status":"closed","ping_status":"closed","sticky":false,"template":"","format":"chat","meta":{"footnotes":""},"categories":[2,3,184],"tags":[70],"class_list":["post-4397","post","type-post","status-publish","format-chat","has-post-thumbnail","hentry","category-aktuelles","category-beschluesse","category-instagram","tag-lmv-beschluss","post_format-post-format-chat"],"_links":{"self":[{"href":"https:\/\/wordpress44.gcms.verdigado.net\/alteseite\/wp-json\/wp\/v2\/posts\/4397","targetHints":{"allow":["GET"]}}],"collection":[{"href":"https:\/\/wordpress44.gcms.verdigado.net\/alteseite\/wp-json\/wp\/v2\/posts"}],"about":[{"href":"https:\/\/wordpress44.gcms.verdigado.net\/alteseite\/wp-json\/wp\/v2\/types\/post"}],"author":[{"embeddable":true,"href":"https:\/\/wordpress44.gcms.verdigado.net\/alteseite\/wp-json\/wp\/v2\/users\/127"}],"replies":[{"embeddable":true,"href":"https:\/\/wordpress44.gcms.verdigado.net\/alteseite\/wp-json\/wp\/v2\/comments?post=4397"}],"version-history":[{"count":2,"href":"https:\/\/wordpress44.gcms.verdigado.net\/alteseite\/wp-json\/wp\/v2\/posts\/4397\/revisions"}],"predecessor-version":[{"id":4450,"href":"https:\/\/wordpress44.gcms.verdigado.net\/alteseite\/wp-json\/wp\/v2\/posts\/4397\/revisions\/4450"}],"wp:featuredmedia":[{"embeddable":true,"href":"https:\/\/wordpress44.gcms.verdigado.net\/alteseite\/wp-json\/wp\/v2\/media\/4394"}],"wp:attachment":[{"href":"https:\/\/wordpress44.gcms.verdigado.net\/alteseite\/wp-json\/wp\/v2\/media?parent=4397"}],"wp:term":[{"taxonomy":"category","embeddable":true,"href":"https:\/\/wordpress44.gcms.verdigado.net\/alteseite\/wp-json\/wp\/v2\/categories?post=4397"},{"taxonomy":"post_tag","embeddable":true,"href":"https:\/\/wordpress44.gcms.verdigado.net\/alteseite\/wp-json\/wp\/v2\/tags?post=4397"}],"curies":[{"name":"wp","href":"https:\/\/api.w.org\/{rel}","templated":true}]}}