{"id":4391,"date":"2020-12-14T15:48:15","date_gmt":"2020-12-14T14:48:15","guid":{"rendered":"https:\/\/wordpress01.gcms.verdigado.net\/gruene-bremen\/?p=4391"},"modified":"2020-12-15T09:49:15","modified_gmt":"2020-12-15T08:49:15","slug":"beschluss-beim-digitalen-parteitag-rodung-und-autobahn-ausbau-sofort-stoppen-danni-bleibt","status":"publish","type":"post","link":"https:\/\/wordpress44.gcms.verdigado.net\/alteseite\/beschluss-beim-digitalen-parteitag-rodung-und-autobahn-ausbau-sofort-stoppen-danni-bleibt\/","title":{"rendered":"Beschluss beim digitalen Parteitag: &#8222;Rodung und Autobahn-Ausbau sofort stoppen &#8211; Danni bleibt!&#8220;"},"content":{"rendered":"<div id=\"section_9698_1\" class=\"paragraph lineNumbers\">\n<div class=\"text motionTextFormattings textOrig fixedWidthFont\">\n<p>Wir kritisieren aufs Sch\u00e4rfste die aktuelle Entwicklung im Dannenr\u00f6der Forst. Wir fordern eine sofortige Beendigung des Polizeieinsatzes vor Ort und einen sofortigen Rodungsstopp.<\/p>\n<section class=\"privateParagraphNoteHolder\"><\/section>\n<\/div>\n<\/div>\n<div id=\"section_9698_2\" class=\"paragraph lineNumbers\">\n<div class=\"text motionTextFormattings textOrig fixedWidthFont\">\n<p>Einen wertvollen, intakten Wald zu roden, um darauf eine Autobahn zu bauen, kann im Jahr 2020 niemand mehr akzeptieren. Wir unterst\u00fctzen die Proteste zum Schutz des Dannenr\u00f6der Waldes. Der \u201cDanni\u201d ist neben seinem hohen \u00f6kologischen Wert auch ein Wasserspeicher f\u00fcr die umliegenden Gebiete. Diese Wasserspeicher m\u00fcssen gesch\u00fctzt werden, damit die umliegenden Gebiete nicht unter Wasserknappheit<br \/>\nleiden.<\/p>\n<\/div>\n<\/div>\n<div id=\"section_9698_3\" class=\"paragraph lineNumbers\">\n<div class=\"text motionTextFormattings textOrig fixedWidthFont\">\n<p>Die Vertr\u00e4ge zur A49 m\u00fcssen gek\u00fcndigt werden. B\u00fcndnis 90\/Die Gr\u00fcnen lehnen dieses Projekt in vollem Umfang ab und unterst\u00fctzen ausdr\u00fccklich das von der Gr\u00fcnen Bundestagsfraktion beantrage Moratorium. Verantwortlich f\u00fcr diese Zerst\u00f6rung eines Naturreservats und die Verhinderung der Verkehrswende ist der<br \/>\nBundesverkehrsminister Andreas Scheuer. Er muss diese Verantwortung jetzt \u00fcbernehmen und den Bau der A49 sowie die Rodung stoppen.<\/p>\n<section class=\"privateParagraphNoteHolder\"><\/section>\n<\/div>\n<\/div>\n<div id=\"section_9698_4\" class=\"paragraph lineNumbers\">\n<div class=\"text motionTextFormattings textOrig fixedWidthFont\">\n<p>Die Klimakrise l\u00e4sst es nicht zu, einfach weiterzumachen wie bisher. Die Zeit f\u00fcr die Verkehrswende ist jetzt. Darum solidarisieren wir uns mit den Aktivist*innen vor Ort. Die Rodung das Dannenr\u00f6der Forsts muss sofort gestoppt und der Bau der A49 beendet werden: Danni bleibt!<\/p>\n<\/div>\n<\/div>\n","protected":false},"excerpt":{"rendered":"<p>Wir kritisieren aufs Sch\u00e4rfste die aktuelle Entwicklung im Dannenr\u00f6der Forst. Wir fordern eine sofortige Beendigung des Polizeieinsatzes vor Ort und einen sofortigen Rodungsstopp. Einen wertvollen, intakten Wald zu roden, um darauf eine Autobahn zu bauen, kann im Jahr 2020 niemand mehr akzeptieren. Wir unterst\u00fctzen die Proteste zum Schutz des Dannenr\u00f6der Waldes. Der \u201cDanni\u201d ist neben&#8230;<\/p>\n","protected":false},"author":127,"featured_media":4393,"comment_status":"closed","ping_status":"closed","sticky":false,"template":"","format":"chat","meta":{"footnotes":""},"categories":[2,3,184],"tags":[70],"class_list":["post-4391","post","type-post","status-publish","format-chat","has-post-thumbnail","hentry","category-aktuelles","category-beschluesse","category-instagram","tag-lmv-beschluss","post_format-post-format-chat"],"_links":{"self":[{"href":"https:\/\/wordpress44.gcms.verdigado.net\/alteseite\/wp-json\/wp\/v2\/posts\/4391","targetHints":{"allow":["GET"]}}],"collection":[{"href":"https:\/\/wordpress44.gcms.verdigado.net\/alteseite\/wp-json\/wp\/v2\/posts"}],"about":[{"href":"https:\/\/wordpress44.gcms.verdigado.net\/alteseite\/wp-json\/wp\/v2\/types\/post"}],"author":[{"embeddable":true,"href":"https:\/\/wordpress44.gcms.verdigado.net\/alteseite\/wp-json\/wp\/v2\/users\/127"}],"replies":[{"embeddable":true,"href":"https:\/\/wordpress44.gcms.verdigado.net\/alteseite\/wp-json\/wp\/v2\/comments?post=4391"}],"version-history":[{"count":1,"href":"https:\/\/wordpress44.gcms.verdigado.net\/alteseite\/wp-json\/wp\/v2\/posts\/4391\/revisions"}],"predecessor-version":[{"id":4396,"href":"https:\/\/wordpress44.gcms.verdigado.net\/alteseite\/wp-json\/wp\/v2\/posts\/4391\/revisions\/4396"}],"wp:featuredmedia":[{"embeddable":true,"href":"https:\/\/wordpress44.gcms.verdigado.net\/alteseite\/wp-json\/wp\/v2\/media\/4393"}],"wp:attachment":[{"href":"https:\/\/wordpress44.gcms.verdigado.net\/alteseite\/wp-json\/wp\/v2\/media?parent=4391"}],"wp:term":[{"taxonomy":"category","embeddable":true,"href":"https:\/\/wordpress44.gcms.verdigado.net\/alteseite\/wp-json\/wp\/v2\/categories?post=4391"},{"taxonomy":"post_tag","embeddable":true,"href":"https:\/\/wordpress44.gcms.verdigado.net\/alteseite\/wp-json\/wp\/v2\/tags?post=4391"}],"curies":[{"name":"wp","href":"https:\/\/api.w.org\/{rel}","templated":true}]}}