{"id":4037,"date":"2020-11-12T12:45:09","date_gmt":"2020-11-12T11:45:09","guid":{"rendered":"https:\/\/gruene-bremen.de\/?p=4037"},"modified":"2020-11-12T12:45:09","modified_gmt":"2020-11-12T11:45:09","slug":"standwithbelarus-grosse-protest-aktion-am-15-november","status":"publish","type":"post","link":"https:\/\/wordpress44.gcms.verdigado.net\/alteseite\/standwithbelarus-grosse-protest-aktion-am-15-november\/","title":{"rendered":"#StandWithBelarus: Protest-Aktion am 15. November"},"content":{"rendered":"<p>Seit Wochen und Monaten streiken die B\u00fcrger*innen in Belarus f\u00fcr demokratische Wahlen und f\u00fcr ein Ende der Diktatur von Lukaschenko. Er und sein Machtapparat gehen immer h\u00e4rter gegen die Protestbewegung vor. Menschen werden verhaftet, eingesch\u00fcchtert, verletzt und anderen Repressalien ausgesetzt. Trotz all dieser Gegenma\u00dfnahmen des Regimes ist der sehns\u00fcchtige Wunsch nach Ende der Diktatur und f\u00fcr Demokratische Wahlen in Belarus nicht klein zu kriegen. &#8222;Als Demokratin, als Gr\u00fcne und als Feministin bewundere ich den Mut der vielen Belarussinen und Belarussen und stelle mich solidarisch an ihre Seite!&#8220;, sagt Alexandra Werwarth, Landesvorsitzende der Bremer Gr\u00fcnen.<\/p>\n<p>Gemeinsam mit euch, wollen wir ein Zeichen der Solidarit\u00e4t setzen und uns an der Mitmach-Aktion <strong>#StandWithBelarus<\/strong> beteiligen.<\/p>\n<p>Bitte helft uns dabei, dass es ein starkes Zeichen wird, welches der Protestbewegung zeigt, dass sie nicht alleine f\u00fcr ihre Rechte k\u00e4mpfen. Dazu m\u00fcsst ihr nur den Hashtag #StandWithBelarus mit Kreide auf die Stra\u00dfe schreiben und ein Foto davon machen. Alternativ schreibt ihr den Hashtag auf ein T-Shirt, eine Tasse oder was euch sonst so einf\u00e4llt.<\/p>\n<p>Am Sonntag, 15. November, ab 13 Uhr m\u00fcsst ihr diese Foto dann mit dem Hashtag <strong>#StandWithBelarus<\/strong> und einer Ortsmarke auf eurem Instagram-Profil posten. &#8222;Bremen&#8220; als Ort k\u00f6nnt ihr kurz vorm Posten bei &#8222;Ort hinzuf\u00fcgen&#8220; einstellen.<\/p>\n<p>Zudem werden am Sonntag Jamila Sch\u00e4fer und Ricarda Lang, unsere stellvertretenden Bundesvorsitzenden, vor der belarussischen Botschaft eine Kundgebung mit B\u00fcndnispartner*innen aus Belarus moderieren. Die Aktion und die vielen Bilder von uns und anderen Unterst\u00fctzer*innen werden dann den Rahmen bilden, in dem wir zeigen, dass die Demokrat*innen in Belarus nicht alleine stehen.<\/p>\n<h5>Jetzt noch f\u00fcr Webinar anmelden<\/h5>\n<p>Am 18. November von 19 bis 20:30 Uhr findet ein Webinar \u00fcber die Situation in Belarus, die Rolle von Frauen bei der Protestbewegung und m\u00f6gliche Wege aus dem Konflikt sowie Handlungsspielr\u00e4ume der EU statt.<\/p>\n<p><a href=\"https:\/\/www.gruene.de\/artikel\/belarus-feministische-perspektiven-auf-ein-land-im-umbruch\" target=\"_blank\" rel=\"noopener noreferrer\">Wie du dich zum Webinar anmelden kannst und weitere Informationen bekommst du hier.<\/a><\/p>\n","protected":false},"excerpt":{"rendered":"<p>Seit Wochen und Monaten streiken die B\u00fcrger*innen in Belarus f\u00fcr demokratische Wahlen und f\u00fcr ein Ende der Diktatur von Lukaschenko. Er und sein Machtapparat gehen immer h\u00e4rter gegen die Protestbewegung vor. Menschen werden verhaftet, eingesch\u00fcchtert, verletzt und anderen Repressalien ausgesetzt. Trotz all dieser Gegenma\u00dfnahmen des Regimes ist der sehns\u00fcchtige Wunsch nach Ende der Diktatur und&#8230;<\/p>\n","protected":false},"author":127,"featured_media":4038,"comment_status":"closed","ping_status":"closed","sticky":false,"template":"","format":"standard","meta":{"footnotes":""},"categories":[2,6],"tags":[28],"class_list":["post-4037","post","type-post","status-publish","format-standard","has-post-thumbnail","hentry","category-aktuelles","category-presse","tag-demokratie"],"_links":{"self":[{"href":"https:\/\/wordpress44.gcms.verdigado.net\/alteseite\/wp-json\/wp\/v2\/posts\/4037","targetHints":{"allow":["GET"]}}],"collection":[{"href":"https:\/\/wordpress44.gcms.verdigado.net\/alteseite\/wp-json\/wp\/v2\/posts"}],"about":[{"href":"https:\/\/wordpress44.gcms.verdigado.net\/alteseite\/wp-json\/wp\/v2\/types\/post"}],"author":[{"embeddable":true,"href":"https:\/\/wordpress44.gcms.verdigado.net\/alteseite\/wp-json\/wp\/v2\/users\/127"}],"replies":[{"embeddable":true,"href":"https:\/\/wordpress44.gcms.verdigado.net\/alteseite\/wp-json\/wp\/v2\/comments?post=4037"}],"version-history":[{"count":0,"href":"https:\/\/wordpress44.gcms.verdigado.net\/alteseite\/wp-json\/wp\/v2\/posts\/4037\/revisions"}],"wp:featuredmedia":[{"embeddable":true,"href":"https:\/\/wordpress44.gcms.verdigado.net\/alteseite\/wp-json\/wp\/v2\/media\/4038"}],"wp:attachment":[{"href":"https:\/\/wordpress44.gcms.verdigado.net\/alteseite\/wp-json\/wp\/v2\/media?parent=4037"}],"wp:term":[{"taxonomy":"category","embeddable":true,"href":"https:\/\/wordpress44.gcms.verdigado.net\/alteseite\/wp-json\/wp\/v2\/categories?post=4037"},{"taxonomy":"post_tag","embeddable":true,"href":"https:\/\/wordpress44.gcms.verdigado.net\/alteseite\/wp-json\/wp\/v2\/tags?post=4037"}],"curies":[{"name":"wp","href":"https:\/\/api.w.org\/{rel}","templated":true}]}}