{"id":3755,"date":"2020-09-14T14:34:21","date_gmt":"2020-09-14T12:34:21","guid":{"rendered":"https:\/\/gruene-bremen.de\/?p=3755"},"modified":"2020-09-14T14:34:21","modified_gmt":"2020-09-14T12:34:21","slug":"rot-gruen-rote-initiative-fuer-mehr-direkte-demokratie","status":"publish","type":"post","link":"https:\/\/wordpress44.gcms.verdigado.net\/alteseite\/rot-gruen-rote-initiative-fuer-mehr-direkte-demokratie\/","title":{"rendered":"Rot-Gr\u00fcn-Rote Initiative f\u00fcr mehr direkte Demokratie"},"content":{"rendered":"<p>In Bremen k\u00f6nnen B\u00fcrger*innen mit einem B\u00fcrgerantrag die B\u00fcrgerschaft bzw. die Stadtb\u00fcrgerschaft dazu auffordern, sich mit einem Thema zu befassen und entsprechende Beschl\u00fcsse zu fassen. Um einen solchen B\u00fcrgerantrag in die B\u00fcrgerschaft einzubringen, sind derzeit 5.000 Unterschriften n\u00f6tig. F\u00fcr die Stadtb\u00fcrgerschaft liegt das Quorum bei 4.000 Unterschriften.<\/p>\n<p>Die Landesvorst\u00e4nde von SPD, Gr\u00fcne und Die Linke setzen sich daf\u00fcr ein, diese H\u00fcrde deutlich zu senken und die Anzahl der notwendigen Unterschriften mindestens zu halbieren. Wir rufen die demokratischen Parteien in der B\u00fcrgerschaft dazu auf, sich dieser Initiative anzuschlie\u00dfen und durch eine entsprechende \u00c4nderung der Bremischen Landesverfassung ein starkes Signal f\u00fcr mehr Demokratie zu senden.<\/p>\n<p>Auf diese Weise soll mehr Menschen die M\u00f6glichkeit gegeben werden, ihre Anliegen in das Parlament einzubringen und in den direkten politischen Austausch einzutreten. Wir leben in einer Stadt, in der es viele engagierte Menschen gibt, die sich f\u00fcr bedeutsame Themen in ihrer direkten Nachbarschaft und dar\u00fcber hinaus einsetzen. Wir begr\u00fc\u00dfen es ausdr\u00fccklich, wenn die Stimme der B\u00fcrger*innen von Bremen und Bremerhaven nicht nur an Wahltagen Geh\u00f6r findet, sondern auch in der Zeit dazwischen. Denn Demokratie lebt von Austausch, Debatte und dem Ringen um die besten L\u00f6sungen.<\/p>\n<p>Wir sind davon \u00fcberzeugt, dass die parlamentarische Demokratie in unserem Bundesland mit diesem Schritt gest\u00e4rkt werden kann. Gerade in Zeiten, in denen die demokratischen Institutionen vermehrt infrage gestellt werden, ist eine st\u00e4rkere Verbindung zwischen B\u00fcrger*innen und Parlament von gro\u00dfer Bedeutung. Wir versprechen uns davon eine Aufwertung des Parlaments als Ort, an dem die politisch bedeutsamen Themen unserer Stadt und unseres Bundeslandes verhandelt und entschieden werden.<\/p>\n<p>Die Landesvorsitzende und Landessprecher*innen von<br \/>\nSPD, B\u00fcndnis 90\/Die Gr\u00fcnen, Die Linke<\/p>\n","protected":false},"excerpt":{"rendered":"<p>In Bremen k\u00f6nnen B\u00fcrger*innen mit einem B\u00fcrgerantrag die B\u00fcrgerschaft bzw. die Stadtb\u00fcrgerschaft dazu auffordern, sich mit einem Thema zu befassen und entsprechende Beschl\u00fcsse zu fassen. Um einen solchen B\u00fcrgerantrag in die B\u00fcrgerschaft einzubringen, sind derzeit 5.000 Unterschriften n\u00f6tig. F\u00fcr die Stadtb\u00fcrgerschaft liegt das Quorum bei 4.000 Unterschriften. Die Landesvorst\u00e4nde von SPD, Gr\u00fcne und Die Linke&#8230;<\/p>\n","protected":false},"author":127,"featured_media":2542,"comment_status":"closed","ping_status":"closed","sticky":false,"template":"","format":"standard","meta":{"footnotes":""},"categories":[2,3],"tags":[28],"class_list":["post-3755","post","type-post","status-publish","format-standard","has-post-thumbnail","hentry","category-aktuelles","category-beschluesse","tag-demokratie"],"_links":{"self":[{"href":"https:\/\/wordpress44.gcms.verdigado.net\/alteseite\/wp-json\/wp\/v2\/posts\/3755","targetHints":{"allow":["GET"]}}],"collection":[{"href":"https:\/\/wordpress44.gcms.verdigado.net\/alteseite\/wp-json\/wp\/v2\/posts"}],"about":[{"href":"https:\/\/wordpress44.gcms.verdigado.net\/alteseite\/wp-json\/wp\/v2\/types\/post"}],"author":[{"embeddable":true,"href":"https:\/\/wordpress44.gcms.verdigado.net\/alteseite\/wp-json\/wp\/v2\/users\/127"}],"replies":[{"embeddable":true,"href":"https:\/\/wordpress44.gcms.verdigado.net\/alteseite\/wp-json\/wp\/v2\/comments?post=3755"}],"version-history":[{"count":0,"href":"https:\/\/wordpress44.gcms.verdigado.net\/alteseite\/wp-json\/wp\/v2\/posts\/3755\/revisions"}],"wp:featuredmedia":[{"embeddable":true,"href":"https:\/\/wordpress44.gcms.verdigado.net\/alteseite\/wp-json\/wp\/v2\/media\/2542"}],"wp:attachment":[{"href":"https:\/\/wordpress44.gcms.verdigado.net\/alteseite\/wp-json\/wp\/v2\/media?parent=3755"}],"wp:term":[{"taxonomy":"category","embeddable":true,"href":"https:\/\/wordpress44.gcms.verdigado.net\/alteseite\/wp-json\/wp\/v2\/categories?post=3755"},{"taxonomy":"post_tag","embeddable":true,"href":"https:\/\/wordpress44.gcms.verdigado.net\/alteseite\/wp-json\/wp\/v2\/tags?post=3755"}],"curies":[{"name":"wp","href":"https:\/\/api.w.org\/{rel}","templated":true}]}}