{"id":3558,"date":"2020-07-09T15:33:46","date_gmt":"2020-07-09T13:33:46","guid":{"rendered":"https:\/\/gruene-bremen.de\/?p=3558"},"modified":"2022-03-29T13:08:14","modified_gmt":"2022-03-29T11:08:14","slug":"landtag-beschliesst-unabhaengige-antidiskriminierungsstelle","status":"publish","type":"post","link":"https:\/\/wordpress44.gcms.verdigado.net\/alteseite\/landtag-beschliesst-unabhaengige-antidiskriminierungsstelle\/","title":{"rendered":"Landtag beschlie\u00dft unabh\u00e4ngige Antidiskriminierungsstelle"},"content":{"rendered":"<p>Bremen wird auf gr\u00fcne Initiative eine unabh\u00e4ngige Landesantidiskriminierungsstelle (LADS) einrichten. Sie soll als zentrale Anlaufstelle f\u00fcr Menschen in Bremen und Bremerhaven dienen, die aufgrund ihrer Hautfarbe, der ethnischen Herkunft, des Geschlechts, ihrer Religion, wegen einer Behinderung oder wegen der sexuellen Orientierung diskriminiert werden. Wie die LADS konzeptionell aufgestellt werden soll, soll der Senat nun bis Ende des Jahres erarbeiten. Ziel ist es, passgenaue Unterst\u00fctzungs- und Beratungsangebote an diskriminierte Menschen zu vermitteln. Zugleich soll sie Diskriminierungsvorf\u00e4lle dokumentieren,\u00a0 Handlungsempfehlungen zum Abbau struktureller Ungleichbehandlung erarbeiten und\u00a0 Aufkl\u00e4rungsarbeit leisten. So sieht es ein Antrag der rot-gr\u00fcn-roten Koalition vor, den der Landtag heute beschlossen hat. Die Betriebsaufnahme ist f\u00fcr 2021 geplant, die Finanzierung ist mit 400.000 Euro im Haushalt bereits gesichert.<\/p>\n<p>\u201eMit der unabh\u00e4ngigen Landesantidiskriminierungsstelle setzen wir ein klares Zeichen gegen Ausgrenzung und Benachteiligung. Alle Menschen im Land Bremen haben das Recht, gleichbehandelt zu werden. Wer z.B. allein aufgrund der ethnischen Herkunft bei der Job- oder Wohnungssuche benachteiligt wird, kann sich k\u00fcnftig an die LADS wenden. Als zentrale Anlaufstelle vermittelt die LADS dann ein passgenaues Angebot des Bremer Netzwerkes gegen Diskriminierung. Mit dieser Lotsenfunktion ist die LADS der bisher fehlende Baustein, um die bestehenden Unterst\u00fctzungsangebote noch wirksamer zu machen. Oft wussten viele Menschen bislang nicht, an wen genau sie sich im Fall einer Diskriminierung wenden k\u00f6nnen. Gerade in F\u00e4llen von Mehrfachdiskriminierungen ist eine Kl\u00e4rung wichtig. Zugleich erh\u00e4lt der Abbau struktureller Benachteiligungen durch die Landesantidiskriminierungsstelle weiteren Schwung\u201c, erl\u00e4utert die stellv. Fraktionsvorsitzende Sahhanim G\u00f6rg\u00fc-Philipp das Vorhaben.<\/p>\n","protected":false},"excerpt":{"rendered":"<p>Bremen wird auf gr\u00fcne Initiative eine unabh\u00e4ngige Landesantidiskriminierungsstelle (LADS) einrichten. Sie soll als zentrale Anlaufstelle f\u00fcr Menschen in Bremen und Bremerhaven dienen, die aufgrund ihrer Hautfarbe, der ethnischen Herkunft, des Geschlechts, ihrer Religion, wegen einer Behinderung oder wegen der sexuellen Orientierung diskriminiert werden. Wie die LADS konzeptionell aufgestellt werden soll, soll der Senat nun bis&#8230;<\/p>\n","protected":false},"author":127,"featured_media":449,"comment_status":"closed","ping_status":"closed","sticky":false,"template":"","format":"chat","meta":{"footnotes":""},"categories":[2,6],"tags":[10],"class_list":["post-3558","post","type-post","status-publish","format-chat","has-post-thumbnail","hentry","category-aktuelles","category-presse","tag-antidiskriminierung","post_format-post-format-chat"],"_links":{"self":[{"href":"https:\/\/wordpress44.gcms.verdigado.net\/alteseite\/wp-json\/wp\/v2\/posts\/3558","targetHints":{"allow":["GET"]}}],"collection":[{"href":"https:\/\/wordpress44.gcms.verdigado.net\/alteseite\/wp-json\/wp\/v2\/posts"}],"about":[{"href":"https:\/\/wordpress44.gcms.verdigado.net\/alteseite\/wp-json\/wp\/v2\/types\/post"}],"author":[{"embeddable":true,"href":"https:\/\/wordpress44.gcms.verdigado.net\/alteseite\/wp-json\/wp\/v2\/users\/127"}],"replies":[{"embeddable":true,"href":"https:\/\/wordpress44.gcms.verdigado.net\/alteseite\/wp-json\/wp\/v2\/comments?post=3558"}],"version-history":[{"count":1,"href":"https:\/\/wordpress44.gcms.verdigado.net\/alteseite\/wp-json\/wp\/v2\/posts\/3558\/revisions"}],"predecessor-version":[{"id":8991,"href":"https:\/\/wordpress44.gcms.verdigado.net\/alteseite\/wp-json\/wp\/v2\/posts\/3558\/revisions\/8991"}],"wp:featuredmedia":[{"embeddable":true,"href":"https:\/\/wordpress44.gcms.verdigado.net\/alteseite\/wp-json\/wp\/v2\/media\/449"}],"wp:attachment":[{"href":"https:\/\/wordpress44.gcms.verdigado.net\/alteseite\/wp-json\/wp\/v2\/media?parent=3558"}],"wp:term":[{"taxonomy":"category","embeddable":true,"href":"https:\/\/wordpress44.gcms.verdigado.net\/alteseite\/wp-json\/wp\/v2\/categories?post=3558"},{"taxonomy":"post_tag","embeddable":true,"href":"https:\/\/wordpress44.gcms.verdigado.net\/alteseite\/wp-json\/wp\/v2\/tags?post=3558"}],"curies":[{"name":"wp","href":"https:\/\/api.w.org\/{rel}","templated":true}]}}