{"id":2057,"date":"2019-10-02T15:13:15","date_gmt":"2019-10-02T13:13:15","guid":{"rendered":"https:\/\/gruene-bremen.de\/?p=2057"},"modified":"2019-10-02T15:13:15","modified_gmt":"2019-10-02T13:13:15","slug":"aufteilung-der-mitgliedsbeitraege","status":"publish","type":"post","link":"https:\/\/wordpress44.gcms.verdigado.net\/alteseite\/aufteilung-der-mitgliedsbeitraege\/","title":{"rendered":"Aufteilung der Mitgliedsbeitr\u00e4ge"},"content":{"rendered":"<p>Sowohl der Bundesverband als auch die Landesverb\u00e4nde finanzieren ihre Arbeit durch externe und interne Einnahmen. Zu diesen geh\u00f6ren neben den Mandatstr\u00e4gerabgaben auch ein Teil der Mitgliedsbeitr\u00e4ge.<\/p>\n<p>W\u00e4hrend der Anteil, der an den Bundesverband abgef\u00fchrt wird, j\u00e4hrlich angepasst wurde und wird, stagniert der Anteil, der an den Bremer Landesverband abgef\u00fchrt wird, seit mindestens 2002 bei 3,30 \u20ac.<\/p>\n<p>Mit den vorgeschlagenen Erh\u00f6hungen soll auf die in den vergangenen beinahe 20 Jahren erfolgten Tarifsteigerungen und anderen Preiserh\u00f6hungen reagiert werden. Durch den in Punkt 2) vorgeschlagenen Automatismus soll vermieden werden, dass derartige deutliche Anpassungen in Zukunft notwendig werden.<\/p>\n<p><strong>Antragsteller<\/strong>: Landesvorstand<\/p>\n<p>Die Mitgliederversammlung m\u00f6ge beschlie\u00dfen:<\/p>\n<ul>\n<li>Die Kreisverb\u00e4nde erh\u00f6hen den Anteil der Mitgliedsbeitr\u00e4ge, den sie an den Landesverband abf\u00fchren, von derzeit 3,30 \u20ac pro Mitglied\n<ol>\n<li>zum 1.1.2020 um 30 % auf 4,29 \u20ac<\/li>\n<li>zum 1.1. der folgenden vier Jahre um jeweils 5 % (Berechnungsgrundlage: 3,30 \u20ac).<\/li>\n<\/ol>\n<\/li>\n<li>Es wird angestrebt, den Beitrag ab 1.1.2025 um denselben Prozentsatz wie die Abgeordnetendi\u00e4ten zu erh\u00f6hen. Der Landesfinanzrat wird im Jahr 2023 abschlie\u00dfend zu diesem Punkt beraten.<\/li>\n<\/ul>\n","protected":false},"excerpt":{"rendered":"<p>Sowohl der Bundesverband als auch die Landesverb\u00e4nde finanzieren ihre Arbeit durch externe und interne Einnahmen. Zu diesen geh\u00f6ren neben den Mandatstr\u00e4gerabgaben auch ein Teil der Mitgliedsbeitr\u00e4ge. W\u00e4hrend der Anteil, der an den Bundesverband abgef\u00fchrt wird, j\u00e4hrlich angepasst wurde und wird, stagniert der Anteil, der an den Bremer Landesverband abgef\u00fchrt wird, seit mindestens 2002 bei 3,30&#8230;<\/p>\n","protected":false},"author":127,"featured_media":0,"comment_status":"closed","ping_status":"closed","sticky":false,"template":"","format":"standard","meta":{"footnotes":""},"categories":[3],"tags":[70],"class_list":["post-2057","post","type-post","status-publish","format-standard","hentry","category-beschluesse","tag-lmv-beschluss"],"_links":{"self":[{"href":"https:\/\/wordpress44.gcms.verdigado.net\/alteseite\/wp-json\/wp\/v2\/posts\/2057","targetHints":{"allow":["GET"]}}],"collection":[{"href":"https:\/\/wordpress44.gcms.verdigado.net\/alteseite\/wp-json\/wp\/v2\/posts"}],"about":[{"href":"https:\/\/wordpress44.gcms.verdigado.net\/alteseite\/wp-json\/wp\/v2\/types\/post"}],"author":[{"embeddable":true,"href":"https:\/\/wordpress44.gcms.verdigado.net\/alteseite\/wp-json\/wp\/v2\/users\/127"}],"replies":[{"embeddable":true,"href":"https:\/\/wordpress44.gcms.verdigado.net\/alteseite\/wp-json\/wp\/v2\/comments?post=2057"}],"version-history":[{"count":0,"href":"https:\/\/wordpress44.gcms.verdigado.net\/alteseite\/wp-json\/wp\/v2\/posts\/2057\/revisions"}],"wp:attachment":[{"href":"https:\/\/wordpress44.gcms.verdigado.net\/alteseite\/wp-json\/wp\/v2\/media?parent=2057"}],"wp:term":[{"taxonomy":"category","embeddable":true,"href":"https:\/\/wordpress44.gcms.verdigado.net\/alteseite\/wp-json\/wp\/v2\/categories?post=2057"},{"taxonomy":"post_tag","embeddable":true,"href":"https:\/\/wordpress44.gcms.verdigado.net\/alteseite\/wp-json\/wp\/v2\/tags?post=2057"}],"curies":[{"name":"wp","href":"https:\/\/api.w.org\/{rel}","templated":true}]}}