{"id":15363,"date":"2024-03-07T13:01:35","date_gmt":"2024-03-07T12:01:35","guid":{"rendered":"https:\/\/gruene-bremen.de\/?p=15363"},"modified":"2024-03-07T13:01:35","modified_gmt":"2024-03-07T12:01:35","slug":"gruene-begruessen-aufwertung-des-domshofs-und-fordern-parkkonzept-fuer-fahrraeder-in-der-innenstadt","status":"publish","type":"post","link":"https:\/\/wordpress44.gcms.verdigado.net\/alteseite\/gruene-begruessen-aufwertung-des-domshofs-und-fordern-parkkonzept-fuer-fahrraeder-in-der-innenstadt\/","title":{"rendered":"Gr\u00fcne begr\u00fc\u00dfen Aufwertung des Domshofs und fordern Parkkonzept f\u00fcr Fahrr\u00e4der in der Innenstadt"},"content":{"rendered":"<p>Die Gr\u00fcne Fraktion in der Bremischen B\u00fcrgerschaft unterst\u00fctzt eine Weiterentwicklung des Domshofs und begr\u00fc\u00dft daher viele Elemente des Siegerentwurfs zur Gestaltung des Platzes, den das Wettbewerbsverfahren hervorgebracht hat. \u201eDie Errichtung eines Genusspavillons in Holzbauweise, die Schaffung dezenter Entw\u00e4sserungsfugen, die Pflanzung zus\u00e4tzlicher B\u00e4ume und neue kleinteilige Sitzgelegenheiten tragen zur Aufwertung des Platzes bei\u201c, findet Bithja Menzel, Sprecherin f\u00fcr Stadtentwicklung in der Gr\u00fcnen-Fraktion: \u201eDiese baulichen und \u00f6kologischen Ans\u00e4tze des Entwurfs sollten umgesetzt werden.\u201c Dass dabei \u201edie traditionellen Funktionen des Domshofs als Marktstandort und als gro\u00dfz\u00fcgige Fl\u00e4che f\u00fcr Veranstaltungen erhalten bleiben\u201c, freut den wirtschaftspolitischen Sprecher der Fraktion, Emanuel Herold. <\/p>\n<p>\u201eWir brauchen zus\u00e4tzliche Fahrradparkm\u00f6glichkeiten in der Bremer Innenstadt\u201c, stellt Ralph Saxe als verkehrspolitischer Sprecher der Fraktion klar. Ein angemessen dimensioniertes Fahrradparkhaus unter dem Domshof k\u00f6nnte dabei ein wichtiger Baustein sein. Die Zufahrtsvariante zum Fahrradparkhaus unter dem Domshof mit einer \u00fcber vier Meter hohen sogenannten D\u00fcne lehnen die Gr\u00fcnen-Abgeordneten aber ab. \u201eDiese Landschaftsskulptur w\u00e4re unvertr\u00e4glich f\u00fcr diesen innerst\u00e4dtischen Raum\u201c, findet Bithja Menzel. \u201eDie Einw\u00e4nde der Gesch\u00e4ftsleute, welche sich um ihre Sichtbarkeit am Rande des Platzes sorgen, sind plausibel\u201c, erl\u00e4utert Emanuel Herold die Kritik. Die Gr\u00fcnen-Fraktion erwartet von der Verkehrssenatorin daher sowohl die Pr\u00fcfung alternativer Zufahrtsvarianten zum Domshof-Bunker als auch eine \u00dcbersicht der Potenziale und Planungen f\u00fcr zentrale und dezentrale Abstellm\u00f6glichkeiten, etwa durch Fahrradb\u00fcgel im \u00f6ffentlichen Raum, im Untergeschoss des Landesbank-Geb\u00e4udes oder in den bestehenden Parkh\u00e4usern in der Innenstadt.<\/p>\n<p>\u201eGerade mit Blick auf den kommenden Einzug der Universit\u00e4t in die ehemalige Landesbank ist es grunds\u00e4tzlich richtig, den Fahrradverkehr dort zu b\u00fcndeln, wo k\u00fcnftig viele Studierende sind und wo auch die Fu\u00dfg\u00e4ngerzonen und Einkaufspassagen beginnen. Eine Weiterentwicklung des Domshofs von den R\u00e4ndern und den vorhandenen Nutzungen her w\u00fcrde durch eine intelligente Routenf\u00fchrung gef\u00f6rdert\u201c, fasst Ralph Saxe zusammen. \u201eEine Akzeptanz seitens der Radfahrer*innen wird jedoch nur durch eine sehr attraktive Gestaltung ihrer Wege zu erreichen sein. Hier sehen wir noch Kl\u00e4rungsbedarf, vor allem auch f\u00fcr eine schl\u00fcssige Radverkehrsf\u00fchrung im Bereich der Stra\u00dfenbahnhaltestelle Sch\u00fcsselkorb, bevor es an die Umsetzung gehen kann.\u201c<\/p>\n<p>Die geplante Wiederverwendung des Platzpflasters, die schattenspendenden Neupflanzungen und das angestrebte Wassermanagement begr\u00fc\u00dfen die Gr\u00fcnen als wichtige ressourcensparende und \u00f6kologische Elemente der Neugestaltung des Domshofs. \u201eBei der Pr\u00e4zisierung der weiteren Planung w\u00fcnschen wir uns m\u00f6glichst noch weitere Elemente der klimaangepassten Stadt, wie zum Beispiel eine technische Regenwasserr\u00fcckhaltung oder zus\u00e4tzliche Entsiegelungs- und Begr\u00fcnungsma\u00dfnahmen\u201c, schl\u00e4gt Bithja Menzel abschlie\u00dfend vor.<\/p>\n","protected":false},"excerpt":{"rendered":"<p>Die Gr\u00fcne Fraktion in der Bremischen B\u00fcrgerschaft unterst\u00fctzt eine Weiterentwicklung des Domshofs und begr\u00fc\u00dft daher viele Elemente des Siegerentwurfs zur Gestaltung des Platzes, den das Wettbewerbsverfahren hervorgebracht hat. \u201eDie Errichtung eines Genusspavillons in Holzbauweise, die Schaffung dezenter Entw\u00e4sserungsfugen, die Pflanzung zus\u00e4tzlicher B\u00e4ume und neue kleinteilige Sitzgelegenheiten tragen zur Aufwertung des Platzes bei\u201c, findet Bithja Menzel,&#8230;<\/p>\n","protected":false},"author":426,"featured_media":14443,"comment_status":"closed","ping_status":"closed","sticky":false,"template":"","format":"standard","meta":{"footnotes":""},"categories":[2,6],"tags":[208],"class_list":["post-15363","post","type-post","status-publish","format-standard","has-post-thumbnail","hentry","category-aktuelles","category-presse","tag-fraktion"],"_links":{"self":[{"href":"https:\/\/wordpress44.gcms.verdigado.net\/alteseite\/wp-json\/wp\/v2\/posts\/15363","targetHints":{"allow":["GET"]}}],"collection":[{"href":"https:\/\/wordpress44.gcms.verdigado.net\/alteseite\/wp-json\/wp\/v2\/posts"}],"about":[{"href":"https:\/\/wordpress44.gcms.verdigado.net\/alteseite\/wp-json\/wp\/v2\/types\/post"}],"author":[{"embeddable":true,"href":"https:\/\/wordpress44.gcms.verdigado.net\/alteseite\/wp-json\/wp\/v2\/users\/426"}],"replies":[{"embeddable":true,"href":"https:\/\/wordpress44.gcms.verdigado.net\/alteseite\/wp-json\/wp\/v2\/comments?post=15363"}],"version-history":[{"count":1,"href":"https:\/\/wordpress44.gcms.verdigado.net\/alteseite\/wp-json\/wp\/v2\/posts\/15363\/revisions"}],"predecessor-version":[{"id":15364,"href":"https:\/\/wordpress44.gcms.verdigado.net\/alteseite\/wp-json\/wp\/v2\/posts\/15363\/revisions\/15364"}],"wp:featuredmedia":[{"embeddable":true,"href":"https:\/\/wordpress44.gcms.verdigado.net\/alteseite\/wp-json\/wp\/v2\/media\/14443"}],"wp:attachment":[{"href":"https:\/\/wordpress44.gcms.verdigado.net\/alteseite\/wp-json\/wp\/v2\/media?parent=15363"}],"wp:term":[{"taxonomy":"category","embeddable":true,"href":"https:\/\/wordpress44.gcms.verdigado.net\/alteseite\/wp-json\/wp\/v2\/categories?post=15363"},{"taxonomy":"post_tag","embeddable":true,"href":"https:\/\/wordpress44.gcms.verdigado.net\/alteseite\/wp-json\/wp\/v2\/tags?post=15363"}],"curies":[{"name":"wp","href":"https:\/\/api.w.org\/{rel}","templated":true}]}}