{"id":15361,"date":"2024-03-07T13:00:02","date_gmt":"2024-03-07T12:00:02","guid":{"rendered":"https:\/\/gruene-bremen.de\/?p=15361"},"modified":"2024-03-07T13:00:02","modified_gmt":"2024-03-07T12:00:02","slug":"gruener-austausch-in-lilienthal-fuer-enge-abstimmung-mit-niedersachsen-beim-hochwasserschutz","status":"publish","type":"post","link":"https:\/\/wordpress44.gcms.verdigado.net\/alteseite\/gruener-austausch-in-lilienthal-fuer-enge-abstimmung-mit-niedersachsen-beim-hochwasserschutz\/","title":{"rendered":"Gr\u00fcner Austausch in Lilienthal: F\u00fcr enge Abstimmung mit Niedersachsen beim Hochwasserschutz"},"content":{"rendered":"<p>Die B\u00fcrgerschaftsfraktion der Bremer Gr\u00fcnen hat in dieser Woche Bremens Nachbargemeinde Lilienthal, deren gr\u00fcnen B\u00fcrgermeister Kim F\u00fcrwentsches und die Gr\u00fcnen-Gemeinderatsfraktion besucht, um m\u00f6gliche Konsequenzen aus der Hochwasserlage zu besprechen, die Lilienthal und die Bremer Ortsteile Borgfeld und Timmersloh zum Jahreswechsel besonders extrem betroffen hatte. \u201eUns ist dabei vor Ort an der Landesgrenze zwischen Niedersachsen und Bremen sehr plastisch deutlich geworden, dass k\u00fcnftige Hochwasserpr\u00e4ventionsma\u00dfnahmen noch st\u00e4rker l\u00e4nder\u00fcbergreifend und auch kommunal kooperativ geplant und umgesetzt werden m\u00fcssen. Dazu geh\u00f6rt nicht nur eine einfachere Kommunikation im Notfall\u201c, fasst die Fraktionsvorsitzende der Bremer Gr\u00fcnen den Diskussionsauftakt zusammen: \u201eDas Wasser macht an den Landesgrenzen ja nicht mit den jeweiligen Zust\u00e4ndigkeiten halt. Auch heute, zwei Monate nach dem Hochwasser aufgrund tagelanger extremer Regenf\u00e4lle, ist die Bedrohung an den Deichen und in einigen Stra\u00dfen Lilienthals noch ganz deutlich zu erfassen. Ob das Wasser aus der Lilienthaler W\u00f6rpe, der Bremer W\u00fcmme kam, als Grundwasser immer weiter aufstieg oder zus\u00e4tzlich immer weiter als extremer Regen vom Himmel fiel \u2013 die Sch\u00e4den f\u00fcr die Gemeinde und f\u00fcr die Anwohner*innen sind enorm und l\u00e4ngst noch nicht repariert und bezahlt.\u201c <\/p>\n<p>Beeindruckt waren die Bremer Abgeordneten vom Krisenmanagement des Lilienthaler B\u00fcrgermeisters und seiner Gemeindeverwaltung mit einer fortlaufenden transparenten Kommunikation \u00fcber Social-Media-Kan\u00e4le und eine Telefon-Hotline f\u00fcr die B\u00fcrger*innen auch \u00fcber die Feiertage des Jahreswechsels. \u201eUnd noch beeindruckender ist die immense Solidarit\u00e4t und Hilfsbereitschaft unter Gemeindemitgliedern, der lokalen Wirtschaft, besonders auch der Landwirtschaftsbetriebe in Lilienthal w\u00e4hrend der Hochwasserwochen. Dass der Optimismus in der Gemeinde bis heute anh\u00e4lt, l\u00e4sst hoffen, dass tats\u00e4chlich Konsequenzen aus der Hochwassersituation zwischen Bremen und Lilienthal erwachsen\u201c, so Henrike M\u00fcller.<\/p>\n<p>Der stellvertretende Vorsitzende und klimapolitische Sprecher der Fraktion, Philipp Bruck, erg\u00e4nzt: \u201eStarkregenereignisse und l\u00e4ngere Regenphasen werden durch den menschengemachten Klimawandel leider immer wahrscheinlicher. B\u00fcrgermeister F\u00fcrwentsches und seine Mitarbeiter*innen haben Erfahrungen und zu \u00dcberflutungsgebieten und Pegelst\u00e4nden auch Daten gesammel, die f\u00fcr \u00e4hnlich gef\u00e4hrliche Lagen in Zukunft ebenso wertvoll sein k\u00f6nnen wie f\u00fcr wichtige Klimaanpassungsma\u00dfnahmen. Dar\u00fcber m\u00fcssen wir im Gespr\u00e4ch bleiben.\u201c<\/p>\n","protected":false},"excerpt":{"rendered":"<p>Die B\u00fcrgerschaftsfraktion der Bremer Gr\u00fcnen hat in dieser Woche Bremens Nachbargemeinde Lilienthal, deren gr\u00fcnen B\u00fcrgermeister Kim F\u00fcrwentsches und die Gr\u00fcnen-Gemeinderatsfraktion besucht, um m\u00f6gliche Konsequenzen aus der Hochwasserlage zu besprechen, die Lilienthal und die Bremer Ortsteile Borgfeld und Timmersloh zum Jahreswechsel besonders extrem betroffen hatte. \u201eUns ist dabei vor Ort an der Landesgrenze zwischen Niedersachsen und&#8230;<\/p>\n","protected":false},"author":426,"featured_media":14443,"comment_status":"closed","ping_status":"closed","sticky":false,"template":"","format":"standard","meta":{"footnotes":""},"categories":[2,6],"tags":[265],"class_list":["post-15361","post","type-post","status-publish","format-standard","has-post-thumbnail","hentry","category-aktuelles","category-presse","tag-faktion"],"_links":{"self":[{"href":"https:\/\/wordpress44.gcms.verdigado.net\/alteseite\/wp-json\/wp\/v2\/posts\/15361","targetHints":{"allow":["GET"]}}],"collection":[{"href":"https:\/\/wordpress44.gcms.verdigado.net\/alteseite\/wp-json\/wp\/v2\/posts"}],"about":[{"href":"https:\/\/wordpress44.gcms.verdigado.net\/alteseite\/wp-json\/wp\/v2\/types\/post"}],"author":[{"embeddable":true,"href":"https:\/\/wordpress44.gcms.verdigado.net\/alteseite\/wp-json\/wp\/v2\/users\/426"}],"replies":[{"embeddable":true,"href":"https:\/\/wordpress44.gcms.verdigado.net\/alteseite\/wp-json\/wp\/v2\/comments?post=15361"}],"version-history":[{"count":1,"href":"https:\/\/wordpress44.gcms.verdigado.net\/alteseite\/wp-json\/wp\/v2\/posts\/15361\/revisions"}],"predecessor-version":[{"id":15362,"href":"https:\/\/wordpress44.gcms.verdigado.net\/alteseite\/wp-json\/wp\/v2\/posts\/15361\/revisions\/15362"}],"wp:featuredmedia":[{"embeddable":true,"href":"https:\/\/wordpress44.gcms.verdigado.net\/alteseite\/wp-json\/wp\/v2\/media\/14443"}],"wp:attachment":[{"href":"https:\/\/wordpress44.gcms.verdigado.net\/alteseite\/wp-json\/wp\/v2\/media?parent=15361"}],"wp:term":[{"taxonomy":"category","embeddable":true,"href":"https:\/\/wordpress44.gcms.verdigado.net\/alteseite\/wp-json\/wp\/v2\/categories?post=15361"},{"taxonomy":"post_tag","embeddable":true,"href":"https:\/\/wordpress44.gcms.verdigado.net\/alteseite\/wp-json\/wp\/v2\/tags?post=15361"}],"curies":[{"name":"wp","href":"https:\/\/api.w.org\/{rel}","templated":true}]}}