{"id":15349,"date":"2024-03-06T09:55:03","date_gmt":"2024-03-06T08:55:03","guid":{"rendered":"https:\/\/gruene-bremen.de\/?p=15349"},"modified":"2024-03-06T09:55:03","modified_gmt":"2024-03-06T08:55:03","slug":"gruene-buergerschaftsfraktion-freut-sich-ueber-finanzierungs-plaene-fuer-transformation-und-klimaschutz","status":"publish","type":"post","link":"https:\/\/wordpress44.gcms.verdigado.net\/alteseite\/gruene-buergerschaftsfraktion-freut-sich-ueber-finanzierungs-plaene-fuer-transformation-und-klimaschutz\/","title":{"rendered":"Gr\u00fcne B\u00fcrgerschaftsfraktion freut sich \u00fcber Finanzierungs-Pl\u00e4ne f\u00fcr Transformation und Klimaschutz"},"content":{"rendered":"<p>Philipp Bruck, finanz- und klimapolitischer Sprecher der B\u00fcrgerschaftsfraktion von B\u00dcNDNIS 90\/DIE GR\u00dcNEN, begr\u00fc\u00dft die Einigung des Bremer Senats mit der Bremer CDU \u00fcber eine gemeinsame Strategie f\u00fcr die Transformation des Bremer Stahlwerks mit dessen Umstellung auf Wasserstoff: \u201eGut, dass die CDU als gr\u00f6\u00dfte Oppositionspartei in der Bremischen B\u00fcrgerschaft die Transformation des Bremer Stahlwerks jetzt tatkr\u00e4ftig unterst\u00fctzt und f\u00fcr ihre Finanzierung eine au\u00dfergew\u00f6hnliche Notsituation anerkennt. Damit kann die Absicherung und Transformation des Bremer Stahlwerks von ArcelorMittal zu einem zukunftsf\u00e4higen Industrieunternehmen gelingen. Mit der wichtigen Zukunftsinvestition von 450 Millionen Euro k\u00f6nnen wir das Stahlwerk klimagerechter aufstellen und den CO2-Aussto\u00df des Bundeslandes Bremen halbieren. Au\u00dferdem sichern wir so mehr als 3000 Arbeitspl\u00e4tze.\u201c<br \/>\n\u201eGenauso dringlich\u201c sind f\u00fcr den stellvertretenden Fraktionsvorsitzende der Gr\u00fcnen allerdings die W\u00e4rmewende und die Verkehrswende: \u201eIhre Bew\u00e4ltigung f\u00fcr den Klimaschutz w\u00e4re eigentlich ebenfalls durch eine au\u00dfergew\u00f6hnliche Notsituation gerechtfertigt und begr\u00fcndet\u201c. Bruck lobt aber das Verhandlungsergebnis: \u201eDie grunds\u00e4tzliche Unterst\u00fctzung der CDU f\u00fcr kreditfinanzierte Investitionen in den Bereichen Geb\u00e4udesanierung, W\u00e4rmewende oder Mobilit\u00e4t \u00fcber bremische Gesellschaften ist sehr erfreulich \u2013 denn die Verkehrswende und die W\u00e4rmewende sind und bleiben die wichtigsten kommunalen Klimaschutzaufgaben. Dazu brauchen wir jetzt schnell einen klaren Fahrplan, wie die n\u00f6tigen Ma\u00dfnahmen aus der Enquetekommission f\u00fcr Bremens Klimaschutzstrategie konkret umgesetzt werden k\u00f6nnen. Sch\u00f6n, dass die partei\u00fcbergreifende Zusammenarbeit aus der Enquete sich jetzt im Konkreten so konstruktiv fortsetzen l\u00e4sst!\u201c<\/p>\n","protected":false},"excerpt":{"rendered":"<p>Philipp Bruck, finanz- und klimapolitischer Sprecher der B\u00fcrgerschaftsfraktion von B\u00dcNDNIS 90\/DIE GR\u00dcNEN, begr\u00fc\u00dft die Einigung des Bremer Senats mit der Bremer CDU \u00fcber eine gemeinsame Strategie f\u00fcr die Transformation des Bremer Stahlwerks mit dessen Umstellung auf Wasserstoff: \u201eGut, dass die CDU als gr\u00f6\u00dfte Oppositionspartei in der Bremischen B\u00fcrgerschaft die Transformation des Bremer Stahlwerks jetzt tatkr\u00e4ftig&#8230;<\/p>\n","protected":false},"author":426,"featured_media":14443,"comment_status":"closed","ping_status":"closed","sticky":false,"template":"","format":"standard","meta":{"footnotes":""},"categories":[2,6],"tags":[208],"class_list":["post-15349","post","type-post","status-publish","format-standard","has-post-thumbnail","hentry","category-aktuelles","category-presse","tag-fraktion"],"_links":{"self":[{"href":"https:\/\/wordpress44.gcms.verdigado.net\/alteseite\/wp-json\/wp\/v2\/posts\/15349","targetHints":{"allow":["GET"]}}],"collection":[{"href":"https:\/\/wordpress44.gcms.verdigado.net\/alteseite\/wp-json\/wp\/v2\/posts"}],"about":[{"href":"https:\/\/wordpress44.gcms.verdigado.net\/alteseite\/wp-json\/wp\/v2\/types\/post"}],"author":[{"embeddable":true,"href":"https:\/\/wordpress44.gcms.verdigado.net\/alteseite\/wp-json\/wp\/v2\/users\/426"}],"replies":[{"embeddable":true,"href":"https:\/\/wordpress44.gcms.verdigado.net\/alteseite\/wp-json\/wp\/v2\/comments?post=15349"}],"version-history":[{"count":1,"href":"https:\/\/wordpress44.gcms.verdigado.net\/alteseite\/wp-json\/wp\/v2\/posts\/15349\/revisions"}],"predecessor-version":[{"id":15350,"href":"https:\/\/wordpress44.gcms.verdigado.net\/alteseite\/wp-json\/wp\/v2\/posts\/15349\/revisions\/15350"}],"wp:featuredmedia":[{"embeddable":true,"href":"https:\/\/wordpress44.gcms.verdigado.net\/alteseite\/wp-json\/wp\/v2\/media\/14443"}],"wp:attachment":[{"href":"https:\/\/wordpress44.gcms.verdigado.net\/alteseite\/wp-json\/wp\/v2\/media?parent=15349"}],"wp:term":[{"taxonomy":"category","embeddable":true,"href":"https:\/\/wordpress44.gcms.verdigado.net\/alteseite\/wp-json\/wp\/v2\/categories?post=15349"},{"taxonomy":"post_tag","embeddable":true,"href":"https:\/\/wordpress44.gcms.verdigado.net\/alteseite\/wp-json\/wp\/v2\/tags?post=15349"}],"curies":[{"name":"wp","href":"https:\/\/api.w.org\/{rel}","templated":true}]}}