{"id":15345,"date":"2024-03-05T17:00:40","date_gmt":"2024-03-05T16:00:40","guid":{"rendered":"https:\/\/gruene-bremen.de\/?p=15345"},"modified":"2024-03-06T08:55:15","modified_gmt":"2024-03-06T07:55:15","slug":"gruene-bremen-freuen-sich-ueber-unterstuetzung-der-cdu-in-haushaltsverhandlungen","status":"publish","type":"post","link":"https:\/\/wordpress44.gcms.verdigado.net\/alteseite\/gruene-bremen-freuen-sich-ueber-unterstuetzung-der-cdu-in-haushaltsverhandlungen\/","title":{"rendered":"Gr\u00fcne Bremen freuen sich \u00fcber Unterst\u00fctzung der CDU in Haushaltsverhandlungen"},"content":{"rendered":"<p>Marek Helsner, Landesvorstandssprecher dazu: \u201eWir Bremer Gr\u00fcne freuen uns sehr \u00fcber die heute erzielte Einigung in den Haushaltsverhandlungen zwischen dem Bremer Senat und der CDU als gr\u00f6\u00dfte Oppositionspartei. Somit ist der Weg f\u00fcr die klimaneutrale Umr\u00fcstung des Bremer Stahlwerks nun endlich frei. \u00dcber 3000 Arbeitspl\u00e4tze k\u00f6nnen so in Bremen gesichert und der CO2-Aussto\u00df Bremens um die H\u00e4lfte reduziert werden. Bei aller Freude \u00fcber diese Einigung d\u00fcrfen wir nicht vergessen, dass weitere Schritte auf dem Weg zu einem klimaneutralen und somit zukunftsf\u00e4higen sowie sozial gerechten Umbau unserer Wirtschaft erforderlich sind. Wie auf unserer Landesmitgliederversammlung am Wochenende beschlossen, fordern wir daher eine nachhaltige Reform der Fiskalpolitik f\u00fcr mehr Steuergerechtigkeit, den Abbau klimasch\u00e4dlicher Subventionen sowie eine Reform der bestehenden Schuldenbremse, um die so dringend notwendigen Investitionen erm\u00f6glichen zu k\u00f6nnen. Der Weg zu einem zukunftsf\u00e4higen und klimaneutralen Bremen bis 2038 geht nur gemeinsam!\u201c<\/p>\n","protected":false},"excerpt":{"rendered":"<p>Marek Helsner, Landesvorstandssprecher dazu: \u201eWir Bremer Gr\u00fcne freuen uns sehr \u00fcber die heute erzielte Einigung in den Haushaltsverhandlungen zwischen dem Bremer Senat und der CDU als gr\u00f6\u00dfte Oppositionspartei. Somit ist der Weg f\u00fcr die klimaneutrale Umr\u00fcstung des Bremer Stahlwerks nun endlich frei. \u00dcber 3000 Arbeitspl\u00e4tze k\u00f6nnen so in Bremen gesichert und der CO2-Aussto\u00df Bremens um&#8230;<\/p>\n","protected":false},"author":426,"featured_media":14600,"comment_status":"closed","ping_status":"closed","sticky":false,"template":"","format":"standard","meta":{"footnotes":""},"categories":[2,6],"tags":[65],"class_list":["post-15345","post","type-post","status-publish","format-standard","has-post-thumbnail","hentry","category-aktuelles","category-presse","tag-landesverband"],"_links":{"self":[{"href":"https:\/\/wordpress44.gcms.verdigado.net\/alteseite\/wp-json\/wp\/v2\/posts\/15345","targetHints":{"allow":["GET"]}}],"collection":[{"href":"https:\/\/wordpress44.gcms.verdigado.net\/alteseite\/wp-json\/wp\/v2\/posts"}],"about":[{"href":"https:\/\/wordpress44.gcms.verdigado.net\/alteseite\/wp-json\/wp\/v2\/types\/post"}],"author":[{"embeddable":true,"href":"https:\/\/wordpress44.gcms.verdigado.net\/alteseite\/wp-json\/wp\/v2\/users\/426"}],"replies":[{"embeddable":true,"href":"https:\/\/wordpress44.gcms.verdigado.net\/alteseite\/wp-json\/wp\/v2\/comments?post=15345"}],"version-history":[{"count":2,"href":"https:\/\/wordpress44.gcms.verdigado.net\/alteseite\/wp-json\/wp\/v2\/posts\/15345\/revisions"}],"predecessor-version":[{"id":15347,"href":"https:\/\/wordpress44.gcms.verdigado.net\/alteseite\/wp-json\/wp\/v2\/posts\/15345\/revisions\/15347"}],"wp:featuredmedia":[{"embeddable":true,"href":"https:\/\/wordpress44.gcms.verdigado.net\/alteseite\/wp-json\/wp\/v2\/media\/14600"}],"wp:attachment":[{"href":"https:\/\/wordpress44.gcms.verdigado.net\/alteseite\/wp-json\/wp\/v2\/media?parent=15345"}],"wp:term":[{"taxonomy":"category","embeddable":true,"href":"https:\/\/wordpress44.gcms.verdigado.net\/alteseite\/wp-json\/wp\/v2\/categories?post=15345"},{"taxonomy":"post_tag","embeddable":true,"href":"https:\/\/wordpress44.gcms.verdigado.net\/alteseite\/wp-json\/wp\/v2\/tags?post=15345"}],"curies":[{"name":"wp","href":"https:\/\/api.w.org\/{rel}","templated":true}]}}