{"id":15334,"date":"2024-03-04T13:26:45","date_gmt":"2024-03-04T12:26:45","guid":{"rendered":"https:\/\/gruene-bremen.de\/?p=15334"},"modified":"2024-03-04T13:26:45","modified_gmt":"2024-03-04T12:26:45","slug":"solidaritaet-mit-den-beschaeftigten-der-bsag-und-der-wir-fahren-zusammen-kampagne","status":"publish","type":"post","link":"https:\/\/wordpress44.gcms.verdigado.net\/alteseite\/solidaritaet-mit-den-beschaeftigten-der-bsag-und-der-wir-fahren-zusammen-kampagne\/","title":{"rendered":"Solidarit\u00e4t mit den Besch\u00e4ftigten der BSAG und der \u201eWir fahren zusammen\u201c-Kampagne"},"content":{"rendered":"<p><em>Beschlossen auf der Landesmitgliederversammlung am 2.3.2024<\/em><\/p>\n<p>Es ist klar: die Klimakrise schreitet immer weiter voran, um diese aufzuhalten muss sich etwas ver\u00e4ndern. Einen gro\u00dfen Part spielt hier der Verkehr. Der Individualverkehr muss abgebaut und der \u00d6PNV gest\u00e4rkt werden. Daf\u00fcr werden Investitionen gebraucht, sodass das Schienennetz ausgebaut wird und mehr Geld in neue Busse und Bahnen gesteckt werden kann. Geld wird aber auch ben\u00f6tigt, um den \u00d6PNV g\u00fcnstiger zu machen, denn alle Menschen sollten zu diesem Zugang haben und am meisten ben\u00f6tigen ihn die Menschen, die sich kein Auto leisten k\u00f6nnen.<\/p>\n<p>Neben materiellen Faktoren ben\u00f6tigt der \u00d6PNV aber vor allem eins: Fachkr\u00e4fte. In der Verwaltung, in der Werkstatt und in den Bussen und Bahnen! Und diese Menschen verdienen zudem gute Arbeitsbedingungen. Geregelte Arbeitspl\u00e4ne, ausreichend Wendezeiten, gen\u00fcgend Urlaubstage!<\/p>\n<p>Und daf\u00fcr setzt sich die <em>wir fahren zusammen<\/em>-Kampagne von ver.di und Fridays for Future seit 2020 ein. Diese beiden wichtigen Akteure streiken und k\u00e4mpfen gemeinsam f\u00fcr mehr Klimaschutz durch einen besseren \u00d6PNV. Bundesweit sind seitdem zahlreiche Ortsgruppen entstanden. Denn in ganz Deutschland ist die Lage schlecht. Hohe Krankenst\u00e4nde, Personalmangel, Fahrtausf\u00e4lle. Schon jetzt fehlen 80.000 Besch\u00e4ftigte.<\/p>\n<p>Daf\u00fcr steht die Kampagne:<\/p>\n<ol>\n<li>Gute Arbeitsbedingungen und mehr Personal im Nahverkehr.<\/li>\n<li>Mobilit\u00e4t f\u00fcr alle und eine Verdopplung des \u00d6PNV.<\/li>\n<li>Bundesweites Investitionsprogramm von mind. 16 Mrd. \u20ac pro Jahr bis 2030. F\u00fcr den Ausbau und die Modernisierung eines fl\u00e4chendeckenden und bedarfsgerechten \u00d6PNV, den sich alle leisten k\u00f6nnen. Dieses Geld soll durch Umverteilung und\/oder einer Reform der Schuldenbremse aufkommen. Kein gegeneinander Ausspielen und keine Einsparungen bei Soziales oder Bildung!<\/li>\n<li>ticketloser \u00d6PNV!<\/li>\n<li>Priorisierung des \u00d6PNV im Stra\u00dfenverkehr. Dazu geh\u00f6rt bessere Schaltung und somit Vorrang vor den Autos und Fahrradwege neben den Gleisen.<\/li>\n<\/ol>\n<p>Auch in Bremen hat sich im Oktober 2023 eine Ortgruppe gegr\u00fcndet, die sich mehr Investitionen und bessere Arbeitsbedingungen einsetzt. Statt den \u00d6PNV attraktiver zu machen und Investitionen in den \u00d6PNV zu t\u00e4tigen, sollen in Bremen 10 Millionen Euro bei der BSAG eingespart werden, das muss abgewendet werden! Daf\u00fcr und f\u00fcr die spezifischen Forderungen der Besch\u00e4ftigten in Bremen setzt sich die Ortgruppe ein.<\/p>\n<p>Mit diesem Antrag wollen wir uns mit den Besch\u00e4ftigten und der Kampagne &#8222;wir fahren zusammen&#8220; solidarisieren und ihre Forderungen f\u00fcr mehr Investitionen und bessere Arbeitsbedingungen unterst\u00fctzen, denn Klimaschutz und eine gerechte Verkehrswende gehen Hand in Hand!<\/p>\n","protected":false},"excerpt":{"rendered":"<p>Beschlossen auf der Landesmitgliederversammlung am 2.3.2024 Es ist klar: die Klimakrise schreitet immer weiter voran, um diese aufzuhalten muss sich etwas ver\u00e4ndern. Einen gro\u00dfen Part spielt hier der Verkehr. Der Individualverkehr muss abgebaut und der \u00d6PNV gest\u00e4rkt werden. Daf\u00fcr werden Investitionen gebraucht, sodass das Schienennetz ausgebaut wird und mehr Geld in neue Busse und Bahnen&#8230;<\/p>\n","protected":false},"author":139,"featured_media":0,"comment_status":"closed","ping_status":"closed","sticky":false,"template":"","format":"standard","meta":{"footnotes":""},"categories":[3],"tags":[239],"class_list":["post-15334","post","type-post","status-publish","format-standard","hentry","category-beschluesse","tag-lmv-beschluesse"],"_links":{"self":[{"href":"https:\/\/wordpress44.gcms.verdigado.net\/alteseite\/wp-json\/wp\/v2\/posts\/15334","targetHints":{"allow":["GET"]}}],"collection":[{"href":"https:\/\/wordpress44.gcms.verdigado.net\/alteseite\/wp-json\/wp\/v2\/posts"}],"about":[{"href":"https:\/\/wordpress44.gcms.verdigado.net\/alteseite\/wp-json\/wp\/v2\/types\/post"}],"author":[{"embeddable":true,"href":"https:\/\/wordpress44.gcms.verdigado.net\/alteseite\/wp-json\/wp\/v2\/users\/139"}],"replies":[{"embeddable":true,"href":"https:\/\/wordpress44.gcms.verdigado.net\/alteseite\/wp-json\/wp\/v2\/comments?post=15334"}],"version-history":[{"count":1,"href":"https:\/\/wordpress44.gcms.verdigado.net\/alteseite\/wp-json\/wp\/v2\/posts\/15334\/revisions"}],"predecessor-version":[{"id":15335,"href":"https:\/\/wordpress44.gcms.verdigado.net\/alteseite\/wp-json\/wp\/v2\/posts\/15334\/revisions\/15335"}],"wp:attachment":[{"href":"https:\/\/wordpress44.gcms.verdigado.net\/alteseite\/wp-json\/wp\/v2\/media?parent=15334"}],"wp:term":[{"taxonomy":"category","embeddable":true,"href":"https:\/\/wordpress44.gcms.verdigado.net\/alteseite\/wp-json\/wp\/v2\/categories?post=15334"},{"taxonomy":"post_tag","embeddable":true,"href":"https:\/\/wordpress44.gcms.verdigado.net\/alteseite\/wp-json\/wp\/v2\/tags?post=15334"}],"curies":[{"name":"wp","href":"https:\/\/api.w.org\/{rel}","templated":true}]}}