{"id":15330,"date":"2024-03-04T13:25:25","date_gmt":"2024-03-04T12:25:25","guid":{"rendered":"https:\/\/gruene-bremen.de\/?p=15330"},"modified":"2024-03-04T13:25:25","modified_gmt":"2024-03-04T12:25:25","slug":"wissenschaftsfreiheit-und-demokratie-ein-bremer-selbstverstaendnis","status":"publish","type":"post","link":"https:\/\/wordpress44.gcms.verdigado.net\/alteseite\/wissenschaftsfreiheit-und-demokratie-ein-bremer-selbstverstaendnis\/","title":{"rendered":"Wissenschaftsfreiheit und Demokratie \u2013 ein Bremer Selbstverst\u00e4ndnis"},"content":{"rendered":"<p><em>Beschlossen auf der Landesmitgliederversammlung am 2.3.2024<\/em><\/p>\n<p><strong><span style=\"font-family: 'PT Sans',sans-serif\">Wissenschaftsfreiheit 2024 &#8211; die Gefahrenlage<\/span><\/strong><span style=\"font-family: 'PT Sans',sans-serif\"><br \/>\nWir leben in herausfordernden Zeiten. Um uns herum engen immer mehr Autokratien die Freiheiten ihrer B\u00fcrger*innen und damit auch ihrer Wissenschaftler*innen ein \u2013 z.B. in China, Iran, Russland, T\u00fcrkei oder Ungarn. Aber auch in westlichen Demokratien gibt es Angriffe auf die Wissenschaftsfreiheit. In Deutschland hat die Wissenschaftsfreiheit Verfassungsrang. Trotzdem ist sie nicht immun gegen\u00fcber Angriffen, die wissenschaftlich etablierte Befunde leugnen und verunglimpfen und \u201eAlternative Fakten\u201c verbreiten, sei es in der Klimaforschung, in der Gender-Forschung oder in der medizinischen Forschung inmitten der Corona-Pandemie durch Querdenker und Impfgegner. Ebenso sind die zunehmenden digitalen Gef\u00e4hrdungen von deep fakes (KI-gest\u00fctzte Medienmanipulation) bis vermehrten Cyberangriffen auf Wissenschaftsinstitutionen zu bedenken. Der Wissenschaftsfreiheit drohen viele Gefahren heute und in Zukunft.<\/span><\/p>\n<p><strong><span style=\"font-family: 'PT Sans',sans-serif\">Ohne Wissenschaftsfreiheit keine Demokratie, ohne Demokratie keine Wissenschaftsfreiheit<\/span><\/strong><\/p>\n<p><span style=\"font-family: 'PT Sans',sans-serif\">In diesen, in unseren Zeiten m\u00fcssen Demokratien die Freiheit der Wissenschaft besonders sch\u00fctzen. Denn Demokratie und Wissenschaftsfreiheit sind unabdingbar miteinander verschwei\u00dft. Es kann keine demokratische Ordnung ohne faktenbasiertes Wissen existieren, auf das sich alle gleicherma\u00dfen beziehen k\u00f6nnen. Es kann keine objektive Wissensproduktion in den Hochschulen, Universit\u00e4ten und Forschungsinstituten stattfinden, wenn jede Forscher*in nicht nach \u00fcberpr\u00fcfbarer, objektiver Wahrheit sucht, sondern ihre Ergebnisse von politischer Opportunit\u00e4t oder wirtschaftlichen Interessen abh\u00e4ngig macht. Wissenschaftsfreiheit meint deshalb nicht, unhaltbare, unwahre Thesen in einem Schonraum auszubr\u00fcten und unter die Leute zu bringen, sondern sich gemeinsam an einer ergebnisoffenen Suche nach objektiv richtigen L\u00f6sungen zu beteiligen.<\/span><\/p>\n<p><strong><span style=\"font-family: 'PT Sans',sans-serif\">Eine freie Wissenschaft braucht einen guten Plan<\/span><\/strong><\/p>\n<p><span style=\"font-family: 'PT Sans',sans-serif\">Um die Wissenschaftsfreiheit als zentralen Pfeiler unserer Demokratie wirksam zu sch\u00fctzen, brauchen wir eine neue Wertsch\u00e4tzung f\u00fcr die Wissenschaft im Land Bremen. Die Universit\u00e4ten, Hochschulen und zahlreichen Forschungsinstitute in Bremen und Bremerhaven sind Orte der Innovation, der Bildung, der kulturellen Vielfalt und der Zukunft unserer beiden St\u00e4dte. In attraktiven Zukunftsstrategien zeigt sich die Wertsch\u00e4tzung f\u00fcr die Wissenschaft. Konkret umgesetzt wird sie im neuen Wissenschaftsplan 2030, der im n\u00e4chsten Jahr aufgestellt wird. Unser Ziel ist es, eine verl\u00e4ssliche und bessere Grundfinanzierung und klare Bekenntnisse zu den vielf\u00e4ltigen Forschungsschwerpunkten zu verankern. Wir wollen gute Besch\u00e4ftigungsbedingungen statt prek\u00e4rer Arbeit in der Wissenschaft. Wir wollen eine bessere Qualit\u00e4t in Lehre, Forschung und Verwaltung. Wir wollen die Demokratisierung der Akademischen Selbstverwaltung weiterentwickeln. F\u00fcr all das braucht es einen harmonisierenden Dialog mit den Hochschulen in unserem Bundesland sowie allen weiteren Akteur*innen im Bereich der Wissenschaft.<\/span><\/p>\n<p><strong><span style=\"font-family: 'PT Sans',sans-serif\">Denn die Wissenschaft hat einen unersetzbaren (Mehr)Wert f\u00fcr unsere Demokratie, f\u00fcr unsere St\u00e4dte und unser Land, f\u00fcr unsere Wirtschaft, f\u00fcr unsere Bev\u00f6lkerung- f\u00fcr uns alle! Darum m\u00fcssen wir als Bremer Gr\u00fcne unsere Wissenschaftsinstitutionen und deren Freiheit mit allen Kr\u00e4ften sch\u00fctzen und st\u00e4rken.<\/span><\/strong><\/p>\n","protected":false},"excerpt":{"rendered":"<p>Beschlossen auf der Landesmitgliederversammlung am 2.3.2024 Wissenschaftsfreiheit 2024 &#8211; die Gefahrenlage Wir leben in herausfordernden Zeiten. Um uns herum engen immer mehr Autokratien die Freiheiten ihrer B\u00fcrger*innen und damit auch ihrer Wissenschaftler*innen ein \u2013 z.B. in China, Iran, Russland, T\u00fcrkei oder Ungarn. Aber auch in westlichen Demokratien gibt es Angriffe auf die Wissenschaftsfreiheit. In Deutschland&#8230;<\/p>\n","protected":false},"author":139,"featured_media":0,"comment_status":"closed","ping_status":"closed","sticky":false,"template":"","format":"standard","meta":{"footnotes":""},"categories":[3],"tags":[239],"class_list":["post-15330","post","type-post","status-publish","format-standard","hentry","category-beschluesse","tag-lmv-beschluesse"],"_links":{"self":[{"href":"https:\/\/wordpress44.gcms.verdigado.net\/alteseite\/wp-json\/wp\/v2\/posts\/15330","targetHints":{"allow":["GET"]}}],"collection":[{"href":"https:\/\/wordpress44.gcms.verdigado.net\/alteseite\/wp-json\/wp\/v2\/posts"}],"about":[{"href":"https:\/\/wordpress44.gcms.verdigado.net\/alteseite\/wp-json\/wp\/v2\/types\/post"}],"author":[{"embeddable":true,"href":"https:\/\/wordpress44.gcms.verdigado.net\/alteseite\/wp-json\/wp\/v2\/users\/139"}],"replies":[{"embeddable":true,"href":"https:\/\/wordpress44.gcms.verdigado.net\/alteseite\/wp-json\/wp\/v2\/comments?post=15330"}],"version-history":[{"count":1,"href":"https:\/\/wordpress44.gcms.verdigado.net\/alteseite\/wp-json\/wp\/v2\/posts\/15330\/revisions"}],"predecessor-version":[{"id":15331,"href":"https:\/\/wordpress44.gcms.verdigado.net\/alteseite\/wp-json\/wp\/v2\/posts\/15330\/revisions\/15331"}],"wp:attachment":[{"href":"https:\/\/wordpress44.gcms.verdigado.net\/alteseite\/wp-json\/wp\/v2\/media?parent=15330"}],"wp:term":[{"taxonomy":"category","embeddable":true,"href":"https:\/\/wordpress44.gcms.verdigado.net\/alteseite\/wp-json\/wp\/v2\/categories?post=15330"},{"taxonomy":"post_tag","embeddable":true,"href":"https:\/\/wordpress44.gcms.verdigado.net\/alteseite\/wp-json\/wp\/v2\/tags?post=15330"}],"curies":[{"name":"wp","href":"https:\/\/api.w.org\/{rel}","templated":true}]}}