{"id":15312,"date":"2024-03-02T16:03:40","date_gmt":"2024-03-02T15:03:40","guid":{"rendered":"https:\/\/gruene-bremen.de\/?p=15312"},"modified":"2024-03-02T16:03:40","modified_gmt":"2024-03-02T15:03:40","slug":"landesmitgliederversammlung-gruene-bremen-unterstuetzen-wir-fahren-zusammen-kampagne-fuer-einen-verbesserten-oepnv-und-gute-arbeitsbedingungen","status":"publish","type":"post","link":"https:\/\/wordpress44.gcms.verdigado.net\/alteseite\/landesmitgliederversammlung-gruene-bremen-unterstuetzen-wir-fahren-zusammen-kampagne-fuer-einen-verbesserten-oepnv-und-gute-arbeitsbedingungen\/","title":{"rendered":"Landesmitgliederversammlung: Gr\u00fcne Bremen unterst\u00fctzen #wir fahren zusammen-Kampagne f\u00fcr einen verbesserten \u00d6PNV und gute Arbeitsbedingungen"},"content":{"rendered":"<p>Auf der Landesmitgliederversammlung der Gr\u00fcnen wurde ein Antrag der Gr\u00fcnen Jugend Bremen beschlossen. Der Antrag sieht eine verst\u00e4rkte Unterst\u00fctzung f\u00fcr die #wir fahren zusammen-Kampagne (initiiert von ver.di und Fridays for Future) vor, die sich f\u00fcr einen verbesserten \u00d6ffentlichen Personennahverkehr (\u00d6PNV) und gute Arbeitsbedingungen im Verkehrssektor einsetzt.<\/p>\n<p><strong>Azad Kour, Sprecher der Gr\u00fcnen Jugend Bremen<\/strong>, unterstreicht: \u201eF\u00fcr den Klimaschutz m\u00fcssen wir den \u00d6PNV st\u00e4rken und deswegen zeigen wir uns mit den Besch\u00e4ftigten solidarisch und unterst\u00fctzen die Kampagne #wirfahrenzusammen.\u201c<\/p>\n<p>Die Bremer Gr\u00fcnen und Gr\u00fcne Jugend Bremen bekr\u00e4ftigen die Dringlichkeit, den Individualverkehr zu reduzieren und den \u00d6PNV auszubauen. Insbesondere wird die Notwendigkeit von Investitionen betont, um das Schienennetz zu erweitern, neue Fahrzeuge anzuschaffen und den \u00d6PNV f\u00fcr alle bezahlbar zu machen. Zus\u00e4tzlich wird auf die Bedeutung guter Arbeitsbedingungen f\u00fcr das Personal im \u00d6PNV hingewiesen. Denn Klimaschutz und eine gerechte Verkehrswende gehen Hand in Hand.<\/p>\n","protected":false},"excerpt":{"rendered":"<p>Auf der Landesmitgliederversammlung der Gr\u00fcnen wurde ein Antrag der Gr\u00fcnen Jugend Bremen beschlossen. Der Antrag sieht eine verst\u00e4rkte Unterst\u00fctzung f\u00fcr die #wir fahren zusammen-Kampagne (initiiert von ver.di und Fridays for Future) vor, die sich f\u00fcr einen verbesserten \u00d6ffentlichen Personennahverkehr (\u00d6PNV) und gute Arbeitsbedingungen im Verkehrssektor einsetzt. Azad Kour, Sprecher der Gr\u00fcnen Jugend Bremen, unterstreicht: \u201eF\u00fcr&#8230;<\/p>\n","protected":false},"author":426,"featured_media":14443,"comment_status":"closed","ping_status":"closed","sticky":false,"template":"","format":"standard","meta":{"footnotes":""},"categories":[2,6],"tags":[65],"class_list":["post-15312","post","type-post","status-publish","format-standard","has-post-thumbnail","hentry","category-aktuelles","category-presse","tag-landesverband"],"_links":{"self":[{"href":"https:\/\/wordpress44.gcms.verdigado.net\/alteseite\/wp-json\/wp\/v2\/posts\/15312","targetHints":{"allow":["GET"]}}],"collection":[{"href":"https:\/\/wordpress44.gcms.verdigado.net\/alteseite\/wp-json\/wp\/v2\/posts"}],"about":[{"href":"https:\/\/wordpress44.gcms.verdigado.net\/alteseite\/wp-json\/wp\/v2\/types\/post"}],"author":[{"embeddable":true,"href":"https:\/\/wordpress44.gcms.verdigado.net\/alteseite\/wp-json\/wp\/v2\/users\/426"}],"replies":[{"embeddable":true,"href":"https:\/\/wordpress44.gcms.verdigado.net\/alteseite\/wp-json\/wp\/v2\/comments?post=15312"}],"version-history":[{"count":1,"href":"https:\/\/wordpress44.gcms.verdigado.net\/alteseite\/wp-json\/wp\/v2\/posts\/15312\/revisions"}],"predecessor-version":[{"id":15313,"href":"https:\/\/wordpress44.gcms.verdigado.net\/alteseite\/wp-json\/wp\/v2\/posts\/15312\/revisions\/15313"}],"wp:featuredmedia":[{"embeddable":true,"href":"https:\/\/wordpress44.gcms.verdigado.net\/alteseite\/wp-json\/wp\/v2\/media\/14443"}],"wp:attachment":[{"href":"https:\/\/wordpress44.gcms.verdigado.net\/alteseite\/wp-json\/wp\/v2\/media?parent=15312"}],"wp:term":[{"taxonomy":"category","embeddable":true,"href":"https:\/\/wordpress44.gcms.verdigado.net\/alteseite\/wp-json\/wp\/v2\/categories?post=15312"},{"taxonomy":"post_tag","embeddable":true,"href":"https:\/\/wordpress44.gcms.verdigado.net\/alteseite\/wp-json\/wp\/v2\/tags?post=15312"}],"curies":[{"name":"wp","href":"https:\/\/api.w.org\/{rel}","templated":true}]}}