{"id":15310,"date":"2024-03-02T14:42:37","date_gmt":"2024-03-02T13:42:37","guid":{"rendered":"https:\/\/gruene-bremen.de\/?p=15310"},"modified":"2024-03-02T14:42:37","modified_gmt":"2024-03-02T13:42:37","slug":"landesmitgliederversammlung-gruene-bremen-wollen-zukunftsfaehigkeit-klimaneutral-und-sozial-gerecht-sichern","status":"publish","type":"post","link":"https:\/\/wordpress44.gcms.verdigado.net\/alteseite\/landesmitgliederversammlung-gruene-bremen-wollen-zukunftsfaehigkeit-klimaneutral-und-sozial-gerecht-sichern\/","title":{"rendered":"Landesmitgliederversammlung: Gr\u00fcne Bremen wollen Zukunftsf\u00e4higkeit klimaneutral und sozial gerecht sichern"},"content":{"rendered":"<p>Die 139 Mitglieder der Landesmitgliederversammlung von B\u00fcndnis 90\/Die GR\u00dcNEN Bremen und Bremerhaven haben am Samstag, dem 2. M\u00e4rz einen Antrag beschlossen, der eine umfassende Reform der Fiskalpolitik fordert.<\/p>\n<p>Der Antrag fordert:<\/p>\n<p>\u2022 eine sozial gerechte Steigerung der Einnahmen<br \/>\n\u2022 den Abbau klimasch\u00e4dlicher Subventionen<br \/>\n\u2022 eine Reform der Schuldenbremse<\/p>\n<p>In den vergangenen 17 Jahren haben die Bremer Gr\u00fcnen erfolgreich das Finanzressort im Land Bremen gef\u00fchrt und dabei auch f\u00fcr die Einf\u00fchrung der Schuldenbremse gek\u00e4mpft. Doch durch die multiplen Krisen der vergangenen Jahre, wie der Corona Pandemie, dem Angriffskrieg Russlands gegen die Ukraine, der Investitionsherausforderung Klimakrise mit ihren Konsequenzen und durch vernachl\u00e4ssigte, notwendige Investitionen der unionsgef\u00fchrten Bundesregierungen bis 2021 braucht es eine nachhaltige Reform der Fiskalpolitik. Ohne diese ist der klimaneutrale Umbau der Wirtschaft und Infrastruktur nicht umsetzbar und die Zukunftsf\u00e4higkeit unseres Landes stark gef\u00e4hrdet. Auf Bundesebene erfordert dies eine Neuausrichtung der Priorit\u00e4ten bei der Verwendung vorhandener Haushaltsmittel, eine sozial gerechte Erh\u00f6hung der Einnahmen sowie eine Reform der Schuldenbremse als sichere Rechtsgrundlage, um notwendige Finanzierungsmittel f\u00fcr Bund und L\u00e4nder zu erm\u00f6glichen.<br \/>\n<strong><br \/>\nFranziska Tell, Landesvorstandssprecherin<\/strong>: \u201eNachhaltigkeit bedeutet auch nachhaltig investieren. Insbesondere f\u00fcr Klimaschutzma\u00dfnahmen, aber auch in weitere Infrastruktur wie beispielsweise die unserer Bildungseinrichtungen, braucht es Investitionen, die im notwendigen Umfang nur durch eine Reform der Schuldenbremse m\u00f6glich sind.\u201c<\/p>\n<p>Hier geht es zum <a href=\"https:\/\/bremen.antragsgruen.de\">Beschluss der Landesmitgliederversammlung<\/a> [Die finalisierten, auf der LMV beschlossenen Antr\u00e4ge werden sp\u00e4testens bis n\u00e4chsten Dienstag (5.3.24) dort verf\u00fcgbar sein.]<\/p>\n<p><em>Bei unseren drei Leitantr\u00e4gen <strong>Demokratie sch\u00fctzen und Beteiligung erm\u00f6glichen<\/strong>; <strong>Zukunftsf\u00e4higkeit klimaneutral und sozial gerecht sichern<\/strong> und <strong>Humanit\u00e4t und Rechtsstaatlichkeit in der Bremer Migrationspolitik<\/strong> &#8211; ist es entscheidend zu betonen, dass diese Bereiche untrennbar miteinander verbunden sind. Die beschlossenen L\u00f6sungsans\u00e4tze m\u00fcssen daher gemeinsam betrachtet und umgesetzt werden.<\/em><\/p>\n","protected":false},"excerpt":{"rendered":"<p>Die 139 Mitglieder der Landesmitgliederversammlung von B\u00fcndnis 90\/Die GR\u00dcNEN Bremen und Bremerhaven haben am Samstag, dem 2. M\u00e4rz einen Antrag beschlossen, der eine umfassende Reform der Fiskalpolitik fordert. Der Antrag fordert: \u2022 eine sozial gerechte Steigerung der Einnahmen \u2022 den Abbau klimasch\u00e4dlicher Subventionen \u2022 eine Reform der Schuldenbremse In den vergangenen 17 Jahren haben die&#8230;<\/p>\n","protected":false},"author":426,"featured_media":14443,"comment_status":"closed","ping_status":"closed","sticky":false,"template":"","format":"standard","meta":{"footnotes":""},"categories":[2,6],"tags":[65],"class_list":["post-15310","post","type-post","status-publish","format-standard","has-post-thumbnail","hentry","category-aktuelles","category-presse","tag-landesverband"],"_links":{"self":[{"href":"https:\/\/wordpress44.gcms.verdigado.net\/alteseite\/wp-json\/wp\/v2\/posts\/15310","targetHints":{"allow":["GET"]}}],"collection":[{"href":"https:\/\/wordpress44.gcms.verdigado.net\/alteseite\/wp-json\/wp\/v2\/posts"}],"about":[{"href":"https:\/\/wordpress44.gcms.verdigado.net\/alteseite\/wp-json\/wp\/v2\/types\/post"}],"author":[{"embeddable":true,"href":"https:\/\/wordpress44.gcms.verdigado.net\/alteseite\/wp-json\/wp\/v2\/users\/426"}],"replies":[{"embeddable":true,"href":"https:\/\/wordpress44.gcms.verdigado.net\/alteseite\/wp-json\/wp\/v2\/comments?post=15310"}],"version-history":[{"count":1,"href":"https:\/\/wordpress44.gcms.verdigado.net\/alteseite\/wp-json\/wp\/v2\/posts\/15310\/revisions"}],"predecessor-version":[{"id":15311,"href":"https:\/\/wordpress44.gcms.verdigado.net\/alteseite\/wp-json\/wp\/v2\/posts\/15310\/revisions\/15311"}],"wp:featuredmedia":[{"embeddable":true,"href":"https:\/\/wordpress44.gcms.verdigado.net\/alteseite\/wp-json\/wp\/v2\/media\/14443"}],"wp:attachment":[{"href":"https:\/\/wordpress44.gcms.verdigado.net\/alteseite\/wp-json\/wp\/v2\/media?parent=15310"}],"wp:term":[{"taxonomy":"category","embeddable":true,"href":"https:\/\/wordpress44.gcms.verdigado.net\/alteseite\/wp-json\/wp\/v2\/categories?post=15310"},{"taxonomy":"post_tag","embeddable":true,"href":"https:\/\/wordpress44.gcms.verdigado.net\/alteseite\/wp-json\/wp\/v2\/tags?post=15310"}],"curies":[{"name":"wp","href":"https:\/\/api.w.org\/{rel}","templated":true}]}}