{"id":15308,"date":"2024-03-02T13:41:25","date_gmt":"2024-03-02T12:41:25","guid":{"rendered":"https:\/\/gruene-bremen.de\/?p=15308"},"modified":"2024-03-02T13:41:25","modified_gmt":"2024-03-02T12:41:25","slug":"landesmitgliederversammlung-bremer-gruene-waehlen-christian-neuhaeuser-in-den-landesvorstand","status":"publish","type":"post","link":"https:\/\/wordpress44.gcms.verdigado.net\/alteseite\/landesmitgliederversammlung-bremer-gruene-waehlen-christian-neuhaeuser-in-den-landesvorstand\/","title":{"rendered":"Landesmitgliederversammlung: Bremer Gr\u00fcne w\u00e4hlen Christian Neuh\u00e4user in den Landesvorstand"},"content":{"rendered":"<p>Auf der Landesmitgliederversammlung der Bremer Gr\u00fcnen wurde Christian Neuh\u00e4user mit 91 von 100 Stimmen (91%) aus Bremerhaven in den Landesvorstand gew\u00e4hlt.<\/p>\n<p>Neuh\u00e4user betonte in seiner Bewerbung die Notwendigkeit einer noch st\u00e4rkeren Verbindung zwischen den Gr\u00fcnen in Bremen und Bremerhaven. Als langj\u00e4hriges Mitglied des Bremerhavener Kreisvorstandes bringt er umfassende politische Erfahrung und Engagement f\u00fcr Umwelt- und Naturschutzthemen mit.<\/p>\n<p><strong>Christian Neuh\u00e4user<\/strong>: &#8222;Das Vertrauen, das mir die Bremer und Bremerhavener Gr\u00fcnen entgegengebracht haben, freut mich sehr&#8220;, erkl\u00e4rte Neuh\u00e4user. &#8222;Ich werde mich daf\u00fcr einsetzen, die Interessen beider St\u00e4dte auf Landesebene bestm\u00f6glich zu vertreten. Die n\u00f6tige Professionalisierung unserer Strukturen im Land Bremen erfordert starke Stimmen aus beiden St\u00e4dten. Diese Verantwortung nehmen wir ernst. Es erf\u00fcllt mich mit Stolz zu sagen, dass die Verbindung zwischen den Gr\u00fcnen in unseren beiden St\u00e4dten noch nie so stark war wie heute.<\/p>\n<p>Bei gro\u00dfen Themen wie der Hafenpolitik oder der immer noch drohenden Unterweservertiefung arbeiten wir gut zusammen. Im Gr\u00fcnen Landesvorstand sehe ich mich als Vertreter Bremerhavener Interessen und zugleich als Vermittler, der in Bremen erkl\u00e4rt, was Bremerhaven bewegt. Ich wei\u00df, das ist nicht leicht. Aber wir werden immer besser. Wir m\u00fcssen diese Verbindung noch weiter festigen.&#8220;<\/p>\n","protected":false},"excerpt":{"rendered":"<p>Auf der Landesmitgliederversammlung der Bremer Gr\u00fcnen wurde Christian Neuh\u00e4user mit 91 von 100 Stimmen (91%) aus Bremerhaven in den Landesvorstand gew\u00e4hlt. Neuh\u00e4user betonte in seiner Bewerbung die Notwendigkeit einer noch st\u00e4rkeren Verbindung zwischen den Gr\u00fcnen in Bremen und Bremerhaven. Als langj\u00e4hriges Mitglied des Bremerhavener Kreisvorstandes bringt er umfassende politische Erfahrung und Engagement f\u00fcr Umwelt- und&#8230;<\/p>\n","protected":false},"author":426,"featured_media":14443,"comment_status":"closed","ping_status":"closed","sticky":false,"template":"","format":"standard","meta":{"footnotes":""},"categories":[2,6],"tags":[65],"class_list":["post-15308","post","type-post","status-publish","format-standard","has-post-thumbnail","hentry","category-aktuelles","category-presse","tag-landesverband"],"_links":{"self":[{"href":"https:\/\/wordpress44.gcms.verdigado.net\/alteseite\/wp-json\/wp\/v2\/posts\/15308","targetHints":{"allow":["GET"]}}],"collection":[{"href":"https:\/\/wordpress44.gcms.verdigado.net\/alteseite\/wp-json\/wp\/v2\/posts"}],"about":[{"href":"https:\/\/wordpress44.gcms.verdigado.net\/alteseite\/wp-json\/wp\/v2\/types\/post"}],"author":[{"embeddable":true,"href":"https:\/\/wordpress44.gcms.verdigado.net\/alteseite\/wp-json\/wp\/v2\/users\/426"}],"replies":[{"embeddable":true,"href":"https:\/\/wordpress44.gcms.verdigado.net\/alteseite\/wp-json\/wp\/v2\/comments?post=15308"}],"version-history":[{"count":1,"href":"https:\/\/wordpress44.gcms.verdigado.net\/alteseite\/wp-json\/wp\/v2\/posts\/15308\/revisions"}],"predecessor-version":[{"id":15309,"href":"https:\/\/wordpress44.gcms.verdigado.net\/alteseite\/wp-json\/wp\/v2\/posts\/15308\/revisions\/15309"}],"wp:featuredmedia":[{"embeddable":true,"href":"https:\/\/wordpress44.gcms.verdigado.net\/alteseite\/wp-json\/wp\/v2\/media\/14443"}],"wp:attachment":[{"href":"https:\/\/wordpress44.gcms.verdigado.net\/alteseite\/wp-json\/wp\/v2\/media?parent=15308"}],"wp:term":[{"taxonomy":"category","embeddable":true,"href":"https:\/\/wordpress44.gcms.verdigado.net\/alteseite\/wp-json\/wp\/v2\/categories?post=15308"},{"taxonomy":"post_tag","embeddable":true,"href":"https:\/\/wordpress44.gcms.verdigado.net\/alteseite\/wp-json\/wp\/v2\/tags?post=15308"}],"curies":[{"name":"wp","href":"https:\/\/api.w.org\/{rel}","templated":true}]}}