{"id":14143,"date":"2023-10-09T13:54:04","date_gmt":"2023-10-09T11:54:04","guid":{"rendered":"https:\/\/gruene-bremen.de\/?p=14143"},"modified":"2023-10-09T13:54:04","modified_gmt":"2023-10-09T11:54:04","slug":"einsetzung-einer-struktur-kommission","status":"publish","type":"post","link":"https:\/\/wordpress44.gcms.verdigado.net\/alteseite\/einsetzung-einer-struktur-kommission\/","title":{"rendered":"Einsetzung einer Struktur-Kommission"},"content":{"rendered":"<p>Die Mitgliederzahlen unserer Partei haben sich in den letzten 5 Jahren nahezu verdoppelt. Nicht einher mit dieser Entwicklung der Mitgliederzahlen ging eine Anpassung der Strukturen, Abl\u00e4ufe sowie der Kommunikation, was dazu f\u00fchrt, dass wir die Potentiale der Partei nicht an allen Stellen ausnutzen k\u00f6nnen. Au\u00dferdem zeigt sich aktuell ein Ungleichgewicht in der Finanzierung und den gestiegenen Aufgaben des Landesverbandes.<\/p>\n<p>F\u00fcr die Zukunft zeigt sich, dass es eine \u00dcberarbeitung der Arbeitsaufteilung zwischen Landesverband und Kreisverb\u00e4nden geben muss.<br \/>\nSoll der Landesverband das Management f\u00fcr viele Aufgaben der Kreisverb\u00e4nde \u00fcbernehmen oder soll der Weg der Professionalisierung der Kreisverbandsebene \u00fcber das bisherige Ehrenamt hinausgehen?<\/p>\n<p>F\u00fcr diese Frage gibt es keine einheitliche Entscheidung.<\/p>\n<p>Besonders dringlich zeigt sich diese Herausforderung beim KV Bremerhaven. Hier m\u00fcssen wir Wege finden, die Professionalisierung zu f\u00f6rdern und die Bremerhavener*innen darin zu unterst\u00fctzen, sich in ihrer Rolle als gr\u00f6\u00dfte demokratische Oppositionskraft dem Rot-Schwarz-Gelben Magistrat gegen\u00fcber zu etablieren und gegen die gro\u00dfe B\u00fcndnis-Deutschland-Fraktion, aber ebenso die Fraktion der AfD gut aufzustellen.<br \/>\nDie Gr\u00fcne Partei lebt sowohl von den Inhalten, als auch besonders von den Menschen, die die entsprechenden Diskussionen vorantreiben. Hier wollen wir ansetzen und unsere Strukturen so anpassen, dass sie uns die bestm\u00f6gliche inhaltliche Arbeit erm\u00f6glichen.<\/p>\n<p>Das bedeutet, dass wir auch wieder einen st\u00e4rkeren Blick auf unsere Landesarbeitsgemeinschaften richten sollten. Wie wir ihre Arbeit an die Bedarfe einer gewachsenen Partei, aber mit weniger Abgeordneten in der Bremischen B\u00fcrgerschaft und Stadtverordnetenversammlung effektiv anpassen, gilt es herauszufinden.<\/p>\n<p>Um all diese Fragen zu kl\u00e4ren, soll der Landesverband neben der inhaltlichen Arbeit, der Umsetzung gr\u00fcner Politik in B\u00fcrgerschaft, Beir\u00e4ten und der Stadtverordnetenversammlung eine Struktur-Kommission einberufen.<br \/>\nDiese soll die bestehenden Strukturen, Aufgabenverteilung und Finanzstr\u00f6me der Partei evaluieren und Vorschl\u00e4ge erarbeiten, wie diese verbessert werden k\u00f6nnen.<\/p>\n<p>Ziel soll dabei sein, die bestehenden Strukturen in Bremen und Bremerhaven zu erfassen, ihre Aufgaben- und Rollenverteilung sowie ihr Zusammenspiel zu beleuchten, eine zuk\u00fcnftige Arbeitsteilung und ein Rollenverst\u00e4ndnis zu erarbeiten und Chancen der Professionalisierung der Strukturen aufzuzeigen.<\/p>\n<p>Im Mittelpunkt der Evaluation sollen folgende Strukturen\/Institutionen stehen:<br \/>\n\u2022 Landesvorstand<br \/>\n\u2022 Kreisverb\u00e4nde und Vorst\u00e4nde<br \/>\n\u2022 Landesarbeitsgemeinschaften<br \/>\n\u2022 Landesgesch\u00e4ftsstelle<\/p>\n<p>Au\u00dferdem soll evaluiert werden, wie die Zusammenarbeit mit angegliederten Akteur*innen ausgestaltet sein kann:<br \/>\n\u2022 B\u00fcrgerschafts-Fraktion und der Fraktionsvorstand<br \/>\n\u2022 Gr\u00fcn-gef\u00fchrte Senatsressorts<br \/>\n\u2022 Fraktion in der Stadtverordnetenversammlung<br \/>\n\u2022 Beiratsfraktionen<br \/>\n\u2022 Gr\u00fcne Jugend<\/p>\n<p>Die Zusammensetzung der Struktur-Kommission wird vom Landesvorstand vorgeschlagen und auf der n\u00e4chsten LMV vorgestellt. Bei der Zusammensetzung soll auf die Vielfalt der Parteistrukturen genauso geachtet werden wie auf eine m\u00f6glichst diverse Besetzung.<br \/>\nUm eine effektive und gut abgestimmte Zusammenarbeit zu gew\u00e4hrleisten, sollte die Struktur-Kommission aus nicht mehr als 9 Mitgliedern bestehen.<\/p>\n<p>Die Struktur-Kommission soll sich von Anfang an auch partei\u00f6ffentlicher Beteiligungsformate bedienen und im Dialog mit Vertreter*innen aus verschiedensten Parteistrukturen stehen. Neue Formatideen, Arbeitsweisen und Vorschl\u00e4ge k\u00f6nnen schon fr\u00fchzeitig ausprobiert und umgesetzt werden. Zus\u00e4tzlich kann und soll auf externe Beratung und Expertise zur\u00fcckgegriffen werden, sofern dies dem Arbeitsprozess dienlich erscheinen sollte. Unterst\u00fctzt wird die Struktur-Kommission in ihrer Arbeit von der Landesgesch\u00e4ftsstelle, die an den Sitzungen in beratender Funktion teilnimmt.<\/p>\n<p>Neben den partei\u00f6ffentlichen Beteiligungsformaten w\u00e4hrend des Prozesses wird empfohlen, auch die Zielvorstellungen und Grundideen in einem geeigneten Format ab Ende 2024 von den Mitgliedern diskutieren zu lassen, bevor sie dem Landesvorstand vorgelegt werden und auf einer Landesmitgliederversammlung im ersten Halbjahr 2025 beschlossen werden sollen.<\/p>\n<p>W\u00e4hrend der ganzen Zeit ist auf eine m\u00f6glichst barrierearme, offene und basisorientierte Arbeitsweise zu setzen, um allen in der Partei Partizipationsm\u00f6glichkeiten zu geben. So werden die Protokolle der Sitzungen der Struktur-Kommission regelm\u00e4\u00dfig der Partei \u00fcber die Gr\u00fcne Wolke zur Verf\u00fcgung gestellt. Dar\u00fcber hinaus kann die Struktur-Kommission eigenst\u00e4ndig \u00fcber weitere Formate die Partei \u00fcber ihre Arbeit informieren<\/p>\n","protected":false},"excerpt":{"rendered":"<p>Die Mitgliederzahlen unserer Partei haben sich in den letzten 5 Jahren nahezu verdoppelt. Nicht einher mit dieser Entwicklung der Mitgliederzahlen ging eine Anpassung der Strukturen, Abl\u00e4ufe sowie der Kommunikation, was dazu f\u00fchrt, dass wir die Potentiale der Partei nicht an allen Stellen ausnutzen k\u00f6nnen. Au\u00dferdem zeigt sich aktuell ein Ungleichgewicht in der Finanzierung und den&#8230;<\/p>\n","protected":false},"author":139,"featured_media":0,"comment_status":"closed","ping_status":"closed","sticky":false,"template":"","format":"standard","meta":{"footnotes":""},"categories":[3],"tags":[70],"class_list":["post-14143","post","type-post","status-publish","format-standard","hentry","category-beschluesse","tag-lmv-beschluss"],"_links":{"self":[{"href":"https:\/\/wordpress44.gcms.verdigado.net\/alteseite\/wp-json\/wp\/v2\/posts\/14143","targetHints":{"allow":["GET"]}}],"collection":[{"href":"https:\/\/wordpress44.gcms.verdigado.net\/alteseite\/wp-json\/wp\/v2\/posts"}],"about":[{"href":"https:\/\/wordpress44.gcms.verdigado.net\/alteseite\/wp-json\/wp\/v2\/types\/post"}],"author":[{"embeddable":true,"href":"https:\/\/wordpress44.gcms.verdigado.net\/alteseite\/wp-json\/wp\/v2\/users\/139"}],"replies":[{"embeddable":true,"href":"https:\/\/wordpress44.gcms.verdigado.net\/alteseite\/wp-json\/wp\/v2\/comments?post=14143"}],"version-history":[{"count":1,"href":"https:\/\/wordpress44.gcms.verdigado.net\/alteseite\/wp-json\/wp\/v2\/posts\/14143\/revisions"}],"predecessor-version":[{"id":14144,"href":"https:\/\/wordpress44.gcms.verdigado.net\/alteseite\/wp-json\/wp\/v2\/posts\/14143\/revisions\/14144"}],"wp:attachment":[{"href":"https:\/\/wordpress44.gcms.verdigado.net\/alteseite\/wp-json\/wp\/v2\/media?parent=14143"}],"wp:term":[{"taxonomy":"category","embeddable":true,"href":"https:\/\/wordpress44.gcms.verdigado.net\/alteseite\/wp-json\/wp\/v2\/categories?post=14143"},{"taxonomy":"post_tag","embeddable":true,"href":"https:\/\/wordpress44.gcms.verdigado.net\/alteseite\/wp-json\/wp\/v2\/tags?post=14143"}],"curies":[{"name":"wp","href":"https:\/\/api.w.org\/{rel}","templated":true}]}}