{"id":13685,"date":"2023-07-01T14:13:23","date_gmt":"2023-07-01T12:13:23","guid":{"rendered":"https:\/\/gruene-bremen.de\/?p=13685"},"modified":"2023-07-28T12:13:18","modified_gmt":"2023-07-28T10:13:18","slug":"gruene-senatorinnen-stehen-fest-mitglieder-nominieren-kathrin-moosdorf-und-bjoern-fecker","status":"publish","type":"post","link":"https:\/\/wordpress44.gcms.verdigado.net\/alteseite\/gruene-senatorinnen-stehen-fest-mitglieder-nominieren-kathrin-moosdorf-und-bjoern-fecker\/","title":{"rendered":"Gr\u00fcne Senator*innen stehen fest: Mitglieder nominieren Kathrin Moosdorf und Bj\u00f6rn Fecker"},"content":{"rendered":"<p>Kathrin Moosdorf und Bj\u00f6rn Fecker sollen die GR\u00dcNEN im Senat als Senator*innen anf\u00fchren: Das haben die Mitglieder von B\u00dcNDNIS 90\/Die GR\u00dcNEN Landesverband Bremen am Samstag auf ihrer Landesmitgliederversammlung entschieden.<\/p>\n<p>Bj\u00f6rn Fecker war zuletzt Fraktionsvorsitzender und soll zuk\u00fcnftig das Finanzressort leiten. 91,4 Prozent der anwesenden Mitglieder stimmten f\u00fcr Fecker.<\/p>\n<p><b>Florian Pfeffer, Landesvorstandssprecher: <\/b>\u201eBj\u00f6rn Fecker hat in den vergangenen Jahren nicht nur die Fraktion stark gef\u00fchrt, sondern ist auch ein erfahrener Finanz- und Haushaltspolitiker. Als Verhandlungsf\u00fchrer in den Koalitionsverhandlungen hat er eine zentrale Rolle bei der Erarbeitung der Ziele und Aufgaben f\u00fcr die kommenden vier Jahre gespielt. Mit seiner kommunikativen und verbindlichen Art ist er genau der Richtige f\u00fcr dieses gro\u00dfe Schl\u00fcsselressort. Wir freuen uns sehr, dass er auch als B\u00fcrgermeister eine zentrale Rolle einnehmen kann. Bj\u00f6rn Fecker zeichnet aus, ein starker Teamplayer zu sein \u2013 eine Eigenschaft, die f\u00fcr die Zusammenarbeit als Gr\u00fcne, aber auch f\u00fcr den Erfolg der gesamten Koalition von zentraler Bedeutung sein wird.&#8220;<\/p>\n<p>Kathrin Moosdorf soll nach dem Votum der GR\u00dcNEN das neue Ressort f\u00fcr Klima, Umwelt und Wissenschaft \u00fcbernehmen. Sie erhielt 92,7 Prozent der Stimmen.<\/p>\n<p><b>Alexandra Werwath, Landesvorstandssprecherin: <\/b>\u201eKathrin Moosdorf ist in der Stadt bestens vernetzt. Sie ist au\u00dferordentlich kompetent und hat langj\u00e4hrige Erfahrungen in F\u00fchrungspositionen, um ein Ressort leiten zu k\u00f6nnen. Sie verf\u00fcgt dar\u00fcber hinaus \u00fcber die menschlichen und rhetorischen F\u00e4higkeiten, die notwendig sind, um Menschen zu \u00fcberzeugen und gesellschaftliche Mehrheiten zu schaffen. Bereits als Gesch\u00e4ftsf\u00fchrerin des Kinderschutzbundes hat die 42-J\u00e4hrige die Bed\u00fcrfnisse der Menschen in den Blick genommen und ist mit ihnen in den Dialog gegangen. Somit ist sie ein riesiger Gewinn mit einer breit gef\u00e4cherten Kompetenz.\u201c<\/p>\n<p>Beide werden vorbehaltlich der erfolgreichen Senatswahl am kommenden Mittwoch neu in den Senat einziehen, nachdem Maike Schaefer sowie Anja Stahmann beide f\u00fcr den Senat nicht mehr zur Verf\u00fcgung stehen. Dietmar Strehl geht in den Ruhestand.<\/p>\n<p><strong>Kathrin Moosdorf: <\/strong>&#8222;Herzlichen Dank f\u00fcr das in mich gesetzte Vertrauen. Damit gehe ich gest\u00e4rkt in die Senatswahl am kommenden Mittwoch. F\u00fcr die herausfordernden und zukunftsgewandten Themen im Bereich Klima, Umwelt und Wissenschaft m\u00f6chte ich die Menschen in Bremen und Bremerhaven im Fokus behalten. Denn ich habe bei meinem Einsatz f\u00fcr die Kinder und Jugendlichen in Bremen und bundesweit gelernt: Zuh\u00f6ren und denen eine Stimme geben, die oft selbst keine gewichtige Stimme haben, ist wichtig und daher bleibt das f\u00fcr mich ein wichtiges Anliegen.&#8220;<\/p>\n<p><strong>Bj\u00f6rn Fecker:<\/strong> &#8222;Vielen Dank f\u00fcr euer Vertrauen. Wir m\u00fcssen uns gemeinsam auf den Weg machen, Ver\u00e4nderungen vorantreiben, Krisen meistern und dabei die Menschen mitnehmen, ihnen Verl\u00e4sslichkeit und Sicherheit geben. Wenn wir Dinge ver\u00e4ndern und die Zukunft gestalten wollen, brauchen wir parlamentarische und gesellschaftliche Mehrheiten. Es geht darum, zuzuh\u00f6ren, Verst\u00e4ndnis zu haben und Diskussionen zu f\u00fchren. Daf\u00fcr stehe ich f\u00fcr euch bereit und freue mich auf die neuen Aufgaben.\u201d<\/p>\n<h3><b>Zu den Personen:<\/b><\/h3>\n<p>Bj\u00f6rn Fecker sitzt seit 2007 f\u00fcr die GR\u00dcNEN in der Bremischen B\u00fcrgerschaft, seit 2019 ist er Fraktionsvorsitzender. Der 45-j\u00e4hrige Huchtinger ist ein erfahrener Haushalts- und Finanzpolitiker. Zuletzt war er zudem Vorsitzender des Bremer Fu\u00dfball-Verbands, den er seit 2010 inne hat.<\/p>\n<p>Kathrin Moosdorf ist seit 2010 Mitglied der Gr\u00fcnen. Zuletzt war sie Gesch\u00e4ftsf\u00fchrerin der Kinderschutzbundes. Die 42-J\u00e4hrige ist in Aachen geboren und aufgewachsen und hat Politikwissenschaften studiert. Sie war u.a. Bundesgesch\u00e4ftsf\u00fchrerin der Naturschutzjugend im Nabu sowie Bundesvorsitzende der Pfadfinderinnenschaft St. Georg.<\/p>\n<h5><em><a href=\"https:\/\/www.senatspressestelle.bremen.de\/pressemitteilungen\/der-neue-bremer-senat-ist-im-amt-426861\" target=\"_blank\" rel=\"noopener\">&gt;&gt; Der neue Bremer Senat ist im Amt &lt;&lt;<\/a><\/em><\/h5>\n","protected":false},"excerpt":{"rendered":"<p>Kathrin Moosdorf und Bj\u00f6rn Fecker sollen die GR\u00dcNEN im Senat als Senator*innen anf\u00fchren: Das haben die Mitglieder von B\u00dcNDNIS 90\/Die GR\u00dcNEN Landesverband Bremen am Samstag auf ihrer Landesmitgliederversammlung entschieden. Bj\u00f6rn Fecker war zuletzt Fraktionsvorsitzender und soll zuk\u00fcnftig das Finanzressort leiten. 91,4 Prozent der anwesenden Mitglieder stimmten f\u00fcr Fecker. Florian Pfeffer, Landesvorstandssprecher: \u201eBj\u00f6rn Fecker hat in&#8230;<\/p>\n","protected":false},"author":144,"featured_media":13695,"comment_status":"closed","ping_status":"closed","sticky":false,"template":"","format":"chat","meta":{"footnotes":""},"categories":[2,184,6],"tags":[65],"class_list":["post-13685","post","type-post","status-publish","format-chat","has-post-thumbnail","hentry","category-aktuelles","category-instagram","category-presse","tag-landesverband","post_format-post-format-chat"],"_links":{"self":[{"href":"https:\/\/wordpress44.gcms.verdigado.net\/alteseite\/wp-json\/wp\/v2\/posts\/13685","targetHints":{"allow":["GET"]}}],"collection":[{"href":"https:\/\/wordpress44.gcms.verdigado.net\/alteseite\/wp-json\/wp\/v2\/posts"}],"about":[{"href":"https:\/\/wordpress44.gcms.verdigado.net\/alteseite\/wp-json\/wp\/v2\/types\/post"}],"author":[{"embeddable":true,"href":"https:\/\/wordpress44.gcms.verdigado.net\/alteseite\/wp-json\/wp\/v2\/users\/144"}],"replies":[{"embeddable":true,"href":"https:\/\/wordpress44.gcms.verdigado.net\/alteseite\/wp-json\/wp\/v2\/comments?post=13685"}],"version-history":[{"count":6,"href":"https:\/\/wordpress44.gcms.verdigado.net\/alteseite\/wp-json\/wp\/v2\/posts\/13685\/revisions"}],"predecessor-version":[{"id":13768,"href":"https:\/\/wordpress44.gcms.verdigado.net\/alteseite\/wp-json\/wp\/v2\/posts\/13685\/revisions\/13768"}],"wp:featuredmedia":[{"embeddable":true,"href":"https:\/\/wordpress44.gcms.verdigado.net\/alteseite\/wp-json\/wp\/v2\/media\/13695"}],"wp:attachment":[{"href":"https:\/\/wordpress44.gcms.verdigado.net\/alteseite\/wp-json\/wp\/v2\/media?parent=13685"}],"wp:term":[{"taxonomy":"category","embeddable":true,"href":"https:\/\/wordpress44.gcms.verdigado.net\/alteseite\/wp-json\/wp\/v2\/categories?post=13685"},{"taxonomy":"post_tag","embeddable":true,"href":"https:\/\/wordpress44.gcms.verdigado.net\/alteseite\/wp-json\/wp\/v2\/tags?post=13685"}],"curies":[{"name":"wp","href":"https:\/\/api.w.org\/{rel}","templated":true}]}}