{"id":13395,"date":"2023-05-18T11:55:44","date_gmt":"2023-05-18T09:55:44","guid":{"rendered":"https:\/\/gruene-bremen.de\/?p=13395"},"modified":"2023-05-24T13:41:29","modified_gmt":"2023-05-24T11:41:29","slug":"landesvorstand-beschliesst-aufnahme-von-sondierungen","status":"publish","type":"post","link":"https:\/\/wordpress44.gcms.verdigado.net\/alteseite\/landesvorstand-beschliesst-aufnahme-von-sondierungen\/","title":{"rendered":"Landesvorstand beschlie\u00dft Aufnahme von Sondierungen"},"content":{"rendered":"<p><strong>Beschluss des Landesvorstands zur Aufnahme von Sondierungsgespr\u00e4chen mit SPD und Die Linke <\/strong><\/p>\n<p><strong>Bremen 17. Mai 2023<\/strong><\/p>\n<ol>\n<li>Der Landesvorstand von B\u00fcndnis 90\/Die Gr\u00fcnen Bremen beschlie\u00dft Sondierungsgespr\u00e4che mit SPD und Linken zu f\u00fchren.<\/li>\n<li>Die Sondierungsgespr\u00e4che werden von unserer Seite aus von Alexandra Werwath (Landesvorsitzende), Florian Pfeffer (Landesvorsitzender), Bj\u00f6rn Fecker (Fraktionsvorsitzender), Anja Stahmann (Senatorin), Kirsten Kappert-Gonther (MdB), Philipp Bruck (MdBB) gef\u00fchrt. Die Sondierungsgruppe wird sich bei Bedarf weiterer Expertise bedienen. Dazu wird sie auf diesen Personenkreis zur\u00fcckkommen: Henrike M\u00fcller (stellv. Fraktionsvorsitzende), Martin Hagen (Staatsrat), Franziska Tell, Solveig Eschen (MdBB), Emanuel Herold, David Luka\u00dfen und Michael Labetzke. Als Protokollant wird Jan Fries (Staatsrat) fungieren. Enno Nottelmann (Staatsrat) wird als st\u00e4ndiger Gast eingebunden.<\/li>\n<li>Der Landesvorstand beruft am 27.5. eine LMV ein. Haupttagesordnungspunkte: Beschlussfassung \u00fcber die Frage, ob und mit wem Koalitionsverhandlungen gef\u00fchrt werden; Bildung der Verhandlungsgruppe.<\/li>\n<li>Unabh\u00e4ngig davon, welche Struktur der Verhandlungen am Ende vereinbart wird, bereiten wir schon jetzt unsere Vorbereitungen in einer inhaltlichen Gliederung vor (siehe Anhang). Diese Struktur wird sich notwendigerweise anpassen und sich am Aufbau der Koalitionsgespr\u00e4che orientieren. Wir bilden entsprechende Arbeitsgruppen. Die Arbeitsgruppen werden jeweils von mindestens einem Mitglied der Verhandlungskommission geleitet. Dazu kommen nach M\u00f6glichkeit und Sinnhaftigkeit Vertreter*innen der Ressorts, Abgeordnete, LaVo-Mitglieder, Beir\u00e4te, Vertreter*innen aus Bremerhaven, Gr\u00fcne Jugend, LAG-Sprecher*innen sowie nach Bedarf externe Expert*innen.<\/li>\n<li>Die LGS ordnet die Synopsen und Wahlpr\u00fcfsteine diesen Arbeitsgruppen als Material zu und stellt sie in geeigneter Form zur Verf\u00fcgung.<\/li>\n<li>Die Verhandlungen werden in der Dokumentenform vorbereitet, die an die Verhandlungen der Bundespartei 2021 angelehnt sind.<\/li>\n<\/ol>\n<p>&nbsp;<\/p>\n<p>Struktur der Arbeitsgruppen (vorl\u00e4ufig)<\/p>\n<p>(1) FAG Inneres, Justiz, Bund, Europa, Demokratie, B\u00fcrger*innenbeteiligung<\/p>\n<p>(2) FAG Klimaschutz, Umwelt, Naturschutz, Energie, Verkehr, Landwirtschaft, Tierpolitik, Ern\u00e4hrung, Verbraucher*innenschutz<\/p>\n<p>(3) FAG Bauen, Wohnen, Stadtentwicklung<\/p>\n<p>(4) FAG Wissenschaft, Kultur, Medien, Netzpolitik, Datenschutz, Religion<\/p>\n<p>(5) FAG Wirtschaft, Arbeit, H\u00e4fen<\/p>\n<p>(6) FAG Bildung, Kita, Jugend, Sport<\/p>\n<p>(7) FAG Gesundheit, Pflege, Soziales, Integration, Gleichstellung, Antidiskriminierung, Senior*innen, Inklusion, Queer<\/p>\n<p>(8) FAG Haushalt, Personal, Verwaltungsmodernisierung, \u00d6ffentlicher Dienst<\/p>\n<p>&nbsp;<\/p>\n","protected":false},"excerpt":{"rendered":"<p>Beschluss des Landesvorstands zur Aufnahme von Sondierungsgespr\u00e4chen mit SPD und Die Linke Bremen 17. Mai 2023 Der Landesvorstand von B\u00fcndnis 90\/Die Gr\u00fcnen Bremen beschlie\u00dft Sondierungsgespr\u00e4che mit SPD und Linken zu f\u00fchren. Die Sondierungsgespr\u00e4che werden von unserer Seite aus von Alexandra Werwath (Landesvorsitzende), Florian Pfeffer (Landesvorsitzender), Bj\u00f6rn Fecker (Fraktionsvorsitzender), Anja Stahmann (Senatorin), Kirsten Kappert-Gonther (MdB), Philipp&#8230;<\/p>\n","protected":false},"author":138,"featured_media":0,"comment_status":"closed","ping_status":"closed","sticky":false,"template":"","format":"standard","meta":{"footnotes":""},"categories":[3],"tags":[235],"class_list":["post-13395","post","type-post","status-publish","format-standard","hentry","category-beschluesse","tag-lavo-beschluss"],"_links":{"self":[{"href":"https:\/\/wordpress44.gcms.verdigado.net\/alteseite\/wp-json\/wp\/v2\/posts\/13395","targetHints":{"allow":["GET"]}}],"collection":[{"href":"https:\/\/wordpress44.gcms.verdigado.net\/alteseite\/wp-json\/wp\/v2\/posts"}],"about":[{"href":"https:\/\/wordpress44.gcms.verdigado.net\/alteseite\/wp-json\/wp\/v2\/types\/post"}],"author":[{"embeddable":true,"href":"https:\/\/wordpress44.gcms.verdigado.net\/alteseite\/wp-json\/wp\/v2\/users\/138"}],"replies":[{"embeddable":true,"href":"https:\/\/wordpress44.gcms.verdigado.net\/alteseite\/wp-json\/wp\/v2\/comments?post=13395"}],"version-history":[{"count":2,"href":"https:\/\/wordpress44.gcms.verdigado.net\/alteseite\/wp-json\/wp\/v2\/posts\/13395\/revisions"}],"predecessor-version":[{"id":13406,"href":"https:\/\/wordpress44.gcms.verdigado.net\/alteseite\/wp-json\/wp\/v2\/posts\/13395\/revisions\/13406"}],"wp:attachment":[{"href":"https:\/\/wordpress44.gcms.verdigado.net\/alteseite\/wp-json\/wp\/v2\/media?parent=13395"}],"wp:term":[{"taxonomy":"category","embeddable":true,"href":"https:\/\/wordpress44.gcms.verdigado.net\/alteseite\/wp-json\/wp\/v2\/categories?post=13395"},{"taxonomy":"post_tag","embeddable":true,"href":"https:\/\/wordpress44.gcms.verdigado.net\/alteseite\/wp-json\/wp\/v2\/tags?post=13395"}],"curies":[{"name":"wp","href":"https:\/\/api.w.org\/{rel}","templated":true}]}}