{"id":12946,"date":"2023-05-09T16:38:29","date_gmt":"2023-05-09T14:38:29","guid":{"rendered":"https:\/\/gruene-bremen.de\/?p=12946"},"modified":"2023-05-09T16:38:29","modified_gmt":"2023-05-09T14:38:29","slug":"gruene-bremen-stehen-fuer-ausgiebige-buergerbeteiligung","status":"publish","type":"post","link":"https:\/\/wordpress44.gcms.verdigado.net\/alteseite\/gruene-bremen-stehen-fuer-ausgiebige-buergerbeteiligung\/","title":{"rendered":"Gr\u00fcne Bremen stehen f\u00fcr ausgiebige B\u00fcrgerbeteiligung"},"content":{"rendered":"<p>Wir Gr\u00fcnen Bremen zeichnen uns durch eine ausgiebige B\u00fcrgerbeteiligung aus. Indem wir die Menschen aus Bremen und Bremerhaven einbinden, st\u00e4rken wir unser demokratisches Fundament und die Rechte der B\u00fcrger*innen. Denn nur so k\u00f6nnen wir gemeinschaftlich unsere Zukunft verhandeln und \u00fcber die unser Leben betreffenden Belange entscheiden.<\/p>\n<p>In der vergangenen Legislatur hat die Zusammenarbeit mit den B\u00fcrgerinitiativen h\u00e4ufig sehr konstruktiv und wertsch\u00e4tzend funktioniert und wir haben in allen F\u00e4llen weit \u00fcber das gesetzliche Ma\u00df f\u00fcr st\u00e4dtebauliche Projekte und Bauleitplanungen bis hin zu Wettbewerbsverfahren entsprechende Informationsangebote und Beteiligungsm\u00f6glichkeiten angeboten. Hier ein paar Beispiele:<\/p>\n<h3><b>Stadtstrecke: Menschenschutz muss oberste Priorit\u00e4t haben<\/b><\/h3>\n<p>Es gab mehrere transparente Runde Tische, unterschiedliche Gutachten wurden erstellt und alle gepr\u00fcft. Deichsicherheit ist nicht verhandelbar, weil es um Menschenleben geht. Die Deichverb\u00e4nde und Deichbau-Ingenieure sind sich einig: Die Deichsicherheit ist durch den Alternativvorschlag der BI nicht gew\u00e4hrleistet. Die 136 Platanen werden in unserem Konzept durch 500 neue B\u00e4ume ersetzt.<\/p>\n<h3><b>Rennbahn-Areal: Gr\u00fcne Oase f\u00fcr den Bremer Osten\u00a0<\/b><\/h3>\n<p>Zum Rennbahngel\u00e4nde haben wir in einem Werkstattverfahren einen fantastischen Siegerentwurf bekommen, wodurch Hemelingen und die Vahr besser miteinander verbunden werden. Das Gel\u00e4nde soll aufgewertet werden durch Sportpl\u00e4tze, einen Sinnesgarten, eine Au\u00dfenschule mit Wiesen, ein Klimawald und Sandbiotopfl\u00e4chen zum Lernen in der Natur.<\/p>\n<h3><b>Horner Spitze: Naherholung f\u00fcr Jung und Alt<\/b><\/h3>\n<p>Kaltluftschneisen sind wichtig f\u00fcr unser Stadtklima, daher wollen wir sie von Bebauung freihalten. Bei der Horner Spitze versuchen wir einen Interessenausgleich zwischen den W\u00fcnschen der B\u00fcrgerinitiative sowie einer potenziellen Nutzung durch das Gewerbe zu erwirken. Klar ist, dass die Gr\u00fcnfl\u00e4che der Horner Spitze eine herausragende Bedeutung als Natur- und Erholungsfl\u00e4che hat. Ziel muss sein, eine Bebauung auf diesem Gel\u00e4nde zu vermeiden und trotzdem die berechtigten wirtschaftlichen Interessen zu erm\u00f6glichen. Entsprechende Gewerbeplanungen wollen wir unter Einbeziehung der Auswirkungen auf Klima, Naturschutz und die Nutzer*innen des Gel\u00e4ndes neu bewerten.<\/p>\n<h3><b>Kohlh\u00f6cker Stra\u00dfe: Bebauung mit Augenma\u00df\u00a0<\/b><\/h3>\n<p>Wir nehmen die W\u00fcnsche der Bewohner*innen ernst, wodurch ein Neubau nicht so hoch wird wie urspr\u00fcnglich gedacht. Das ehemalige Bundesbankgeb\u00e4ude steht seit M\u00e4rz 2016 leer. Zwischen Kohlh\u00f6kerstra\u00dfe, Salvador-Allende-Stra\u00dfe und Imre-Nagy-Weg entstehen zwei neue Geb\u00e4ude mit circa 180 Wohneinheiten und einer Tiefgarage.<\/p>\n","protected":false},"excerpt":{"rendered":"<p>Wir Gr\u00fcnen Bremen zeichnen uns durch eine ausgiebige B\u00fcrgerbeteiligung aus. Indem wir die Menschen aus Bremen und Bremerhaven einbinden, st\u00e4rken wir unser demokratisches Fundament und die Rechte der B\u00fcrger*innen. Denn nur so k\u00f6nnen wir gemeinschaftlich unsere Zukunft verhandeln und \u00fcber die unser Leben betreffenden Belange entscheiden. In der vergangenen Legislatur hat die Zusammenarbeit mit den&#8230;<\/p>\n","protected":false},"author":144,"featured_media":12947,"comment_status":"closed","ping_status":"closed","sticky":false,"template":"","format":"chat","meta":{"footnotes":""},"categories":[2,184,6],"tags":[28],"class_list":["post-12946","post","type-post","status-publish","format-chat","has-post-thumbnail","hentry","category-aktuelles","category-instagram","category-presse","tag-demokratie","post_format-post-format-chat"],"_links":{"self":[{"href":"https:\/\/wordpress44.gcms.verdigado.net\/alteseite\/wp-json\/wp\/v2\/posts\/12946","targetHints":{"allow":["GET"]}}],"collection":[{"href":"https:\/\/wordpress44.gcms.verdigado.net\/alteseite\/wp-json\/wp\/v2\/posts"}],"about":[{"href":"https:\/\/wordpress44.gcms.verdigado.net\/alteseite\/wp-json\/wp\/v2\/types\/post"}],"author":[{"embeddable":true,"href":"https:\/\/wordpress44.gcms.verdigado.net\/alteseite\/wp-json\/wp\/v2\/users\/144"}],"replies":[{"embeddable":true,"href":"https:\/\/wordpress44.gcms.verdigado.net\/alteseite\/wp-json\/wp\/v2\/comments?post=12946"}],"version-history":[{"count":1,"href":"https:\/\/wordpress44.gcms.verdigado.net\/alteseite\/wp-json\/wp\/v2\/posts\/12946\/revisions"}],"predecessor-version":[{"id":12948,"href":"https:\/\/wordpress44.gcms.verdigado.net\/alteseite\/wp-json\/wp\/v2\/posts\/12946\/revisions\/12948"}],"wp:featuredmedia":[{"embeddable":true,"href":"https:\/\/wordpress44.gcms.verdigado.net\/alteseite\/wp-json\/wp\/v2\/media\/12947"}],"wp:attachment":[{"href":"https:\/\/wordpress44.gcms.verdigado.net\/alteseite\/wp-json\/wp\/v2\/media?parent=12946"}],"wp:term":[{"taxonomy":"category","embeddable":true,"href":"https:\/\/wordpress44.gcms.verdigado.net\/alteseite\/wp-json\/wp\/v2\/categories?post=12946"},{"taxonomy":"post_tag","embeddable":true,"href":"https:\/\/wordpress44.gcms.verdigado.net\/alteseite\/wp-json\/wp\/v2\/tags?post=12946"}],"curies":[{"name":"wp","href":"https:\/\/api.w.org\/{rel}","templated":true}]}}