{"id":12439,"date":"2023-04-20T10:19:17","date_gmt":"2023-04-20T08:19:17","guid":{"rendered":"https:\/\/gruene-bremen.de\/?p=12439"},"modified":"2023-04-20T10:19:17","modified_gmt":"2023-04-20T08:19:17","slug":"bremen-legt-foerderprogramm-fuer-fassadenbegruenung-auf","status":"publish","type":"post","link":"https:\/\/wordpress44.gcms.verdigado.net\/alteseite\/bremen-legt-foerderprogramm-fuer-fassadenbegruenung-auf\/","title":{"rendered":"Bremen legt F\u00f6rderprogramm f\u00fcr Fassadenbegr\u00fcnung auf"},"content":{"rendered":"<p>Wer seine Geb\u00e4udefassade f\u00fcr mehr Biodiversit\u00e4t und Umweltschutz begr\u00fcnen will, kann k\u00fcnftig auf eine F\u00f6rderung durch die Stadt z\u00e4hlen. Die Umweltdeputation hat f\u00fcr das F\u00f6rderprogramm heute gr\u00fcnes Licht gegeben. Damit wird eine Initiative der Gr\u00fcnen-Fraktion umgesetzt. Das F\u00f6rderprogramm ist ein Anreiz, so der umweltpolitische Sprecher Ralph Saxe, mit der Fassadenbegr\u00fcnung zu einem ges\u00fcnderen, umweltfreundlichen und attraktiven Wohnumfeld beizutragen: \u201eBegr\u00fcnte Fassaden sind gut f\u00fcr die Biodiversit\u00e4t. Davon profitieren vor allem Insekten und V\u00f6gel. Die Fassadenbegr\u00fcnung verringert au\u00dferdem Schall, Feinstaub und Stickoxide. Das n\u00fctzt der Gesundheit. Au\u00dferdem werden die Geb\u00e4ude bei zunehmender Hitze infolge des Klimawandels durch die Bepflanzung angenehm gek\u00fchlt. Nicht zuletzt sind begr\u00fcnte Fassaden h\u00e4ufig eine Augenweide. Wer sich daf\u00fcr entscheidet, tut sich und anderen etwas Gutes. Dabei wollen wir die Menschen mit dem F\u00f6rderprogramm gerne unterst\u00fctzen.\u201c<\/p>\n<p>Das Programm gilt ausschlie\u00dflich f\u00fcr private Geb\u00e4ude. Gef\u00f6rdert werden u.a. vorbereitende Ma\u00dfnahmen wie das Entsiegeln und Aufbereiten des Bodens, Materialkosten, Pflanzen und die Herstellungspflege anteilig mit bis zu 50 Prozent, aber h\u00f6chstens 5000 Euro. Die Antragstellung soll jeweils bis zum 31. Oktober eines Jahres erfolgen. Voraussetzung ist, dass die Fassadenbegr\u00fcnung des Alt- oder Neubaus mindestens zehn Quadratmeter betr\u00e4gt, mehr als 500 Euro kostet und die Fassade mindestens 10 Jahre begr\u00fcnt bleibt. Ausgeschlossen von der F\u00f6rderung ist die Fassadenbegr\u00fcnung mit Selbstklimmern wie etwa Efeu oder Wilder Wein.<\/p>\n<p>Die Finanzierung des F\u00f6rderprogramms ist zun\u00e4chst f\u00fcr dieses und kommendes Jahr gesichert. Zur Verf\u00fcgung stehen jeweils 100.000 Euro. Die Mittel werden nach dem \u00fcblichen Schl\u00fcssel zwischen Bremen (83.000 Euro) und Bremerhaven (17.000 Euro) aufgeteilt. In der Stadt Bremen wird noch ein externer Dienstleister f\u00fcr die Abwicklung des Programms beauftragt.<\/p>\n","protected":false},"excerpt":{"rendered":"<p>Wer seine Geb\u00e4udefassade f\u00fcr mehr Biodiversit\u00e4t und Umweltschutz begr\u00fcnen will, kann k\u00fcnftig auf eine F\u00f6rderung durch die Stadt z\u00e4hlen. Die Umweltdeputation hat f\u00fcr das F\u00f6rderprogramm heute gr\u00fcnes Licht gegeben. Damit wird eine Initiative der Gr\u00fcnen-Fraktion umgesetzt. Das F\u00f6rderprogramm ist ein Anreiz, so der umweltpolitische Sprecher Ralph Saxe, mit der Fassadenbegr\u00fcnung zu einem ges\u00fcnderen, umweltfreundlichen und&#8230;<\/p>\n","protected":false},"author":139,"featured_media":444,"comment_status":"closed","ping_status":"closed","sticky":false,"template":"","format":"standard","meta":{"footnotes":""},"categories":[2],"tags":[232],"class_list":["post-12439","post","type-post","status-publish","format-standard","has-post-thumbnail","hentry","category-aktuelles","tag-umweltschutz"],"_links":{"self":[{"href":"https:\/\/wordpress44.gcms.verdigado.net\/alteseite\/wp-json\/wp\/v2\/posts\/12439","targetHints":{"allow":["GET"]}}],"collection":[{"href":"https:\/\/wordpress44.gcms.verdigado.net\/alteseite\/wp-json\/wp\/v2\/posts"}],"about":[{"href":"https:\/\/wordpress44.gcms.verdigado.net\/alteseite\/wp-json\/wp\/v2\/types\/post"}],"author":[{"embeddable":true,"href":"https:\/\/wordpress44.gcms.verdigado.net\/alteseite\/wp-json\/wp\/v2\/users\/139"}],"replies":[{"embeddable":true,"href":"https:\/\/wordpress44.gcms.verdigado.net\/alteseite\/wp-json\/wp\/v2\/comments?post=12439"}],"version-history":[{"count":1,"href":"https:\/\/wordpress44.gcms.verdigado.net\/alteseite\/wp-json\/wp\/v2\/posts\/12439\/revisions"}],"predecessor-version":[{"id":12440,"href":"https:\/\/wordpress44.gcms.verdigado.net\/alteseite\/wp-json\/wp\/v2\/posts\/12439\/revisions\/12440"}],"wp:featuredmedia":[{"embeddable":true,"href":"https:\/\/wordpress44.gcms.verdigado.net\/alteseite\/wp-json\/wp\/v2\/media\/444"}],"wp:attachment":[{"href":"https:\/\/wordpress44.gcms.verdigado.net\/alteseite\/wp-json\/wp\/v2\/media?parent=12439"}],"wp:term":[{"taxonomy":"category","embeddable":true,"href":"https:\/\/wordpress44.gcms.verdigado.net\/alteseite\/wp-json\/wp\/v2\/categories?post=12439"},{"taxonomy":"post_tag","embeddable":true,"href":"https:\/\/wordpress44.gcms.verdigado.net\/alteseite\/wp-json\/wp\/v2\/tags?post=12439"}],"curies":[{"name":"wp","href":"https:\/\/api.w.org\/{rel}","templated":true}]}}