{"id":12426,"date":"2023-04-19T15:20:57","date_gmt":"2023-04-19T13:20:57","guid":{"rendered":"https:\/\/gruene-bremen.de\/?p=12426"},"modified":"2023-04-19T15:20:57","modified_gmt":"2023-04-19T13:20:57","slug":"erhalt-besonderer-baeume-soll-durch-ausweisung-als-naturdenkmal-verbessert-werden","status":"publish","type":"post","link":"https:\/\/wordpress44.gcms.verdigado.net\/alteseite\/erhalt-besonderer-baeume-soll-durch-ausweisung-als-naturdenkmal-verbessert-werden\/","title":{"rendered":"Erhalt besonderer B\u00e4ume soll durch Ausweisung als Naturdenkmal verbessert werden"},"content":{"rendered":"<p>Der Umweltbetrieb Bremen erstellt f\u00fcr besonders wertvolle B\u00e4ume eine Naturdenkmalliste. Daf\u00fcr sollen auch die Orts\u00e4mter ihre Vorschl\u00e4ge einbringen. Das geht aus einem Verwaltungsbericht f\u00fcr die Umweltdeputation hervor. Mit der Naturdenkmalliste wird eine Forderung der Gr\u00fcnen-Fraktion umgesetzt, die sie in einem Positionspapier erhoben hatte. Die Naturdenkmalliste ist ein wichtiger Schritt, so der umweltpolitische Sprecher Ralph Saxe, um besondere B\u00e4ume besser zu sch\u00fctzen: \u201eDie Aufnahme von B\u00e4umen in die Naturdenkmalliste erh\u00f6ht die H\u00fcrde f\u00fcr ihre Beseitigung deutlich. Ihr Erhalt ist bei einer Abw\u00e4gung k\u00fcnftig wesentlich h\u00f6her zu gewichten. Wir wollen das F\u00e4llen denkmalw\u00fcrdiger B\u00e4ume etwa f\u00fcr Bauvorhaben oder die Wiederherstellung historischer Sichtachsen verhindern. Diese beeindruckenden Naturgesch\u00f6pfe m\u00fcssen bestm\u00f6glich gesch\u00fctzt werden. Die alten B\u00e4ume sind nicht nur eine Augenweide f\u00fcrs Stadtbild, sondern oft auch \u00f6kologisch wichtig. Gro\u00dfe B\u00e4ume binden in der Regel mehr klimasch\u00e4dliches CO<sub>2<\/sub> und k\u00fchlen bei Hitzewellen ihre Umgebung ab. Davon profitiert auch die menschliche Gesundheit. Um das Bewusstsein f\u00fcr den Wert alter B\u00e4ume zu sch\u00e4rfen, k\u00f6nnen wir uns in Zukunft auch Patenschaften von Schulen oder B\u00fcrgervereinen f\u00fcr die denkmalw\u00fcrdigen B\u00e4ume vorstellen.\u201c<\/p>\n<p>Damit B\u00e4ume als Naturdenkmale ausgewiesen werden k\u00f6nnen, m\u00fcssen sie laut Bundesnaturschutzgesetz bestimmte Kriterien erf\u00fcllen. Danach k\u00f6nnen Einzelsch\u00f6pfungen der Natur wegen ihrer besonderen Seltenheit, Eigenart, Sch\u00f6nheit oder wegen ihrer wissenschaftlichen, landeskundlichen oder naturgeschichtlichen Bedeutung zum Naturdenkmal erkl\u00e4rt werden. Ist anhand dieser Kriterien eine Liste mit systematisch erfassten B\u00e4umen in Bremen erstellt, muss der Senat noch die entsprechende Naturdenkmalverordnung beschlie\u00dfen. Neben den gelisteten B\u00e4umen k\u00f6nnen darin auch Findlinge und Binnend\u00fcnenrelikte ber\u00fccksichtigt werden.<\/p>\n","protected":false},"excerpt":{"rendered":"<p>Der Umweltbetrieb Bremen erstellt f\u00fcr besonders wertvolle B\u00e4ume eine Naturdenkmalliste. Daf\u00fcr sollen auch die Orts\u00e4mter ihre Vorschl\u00e4ge einbringen. Das geht aus einem Verwaltungsbericht f\u00fcr die Umweltdeputation hervor. Mit der Naturdenkmalliste wird eine Forderung der Gr\u00fcnen-Fraktion umgesetzt, die sie in einem Positionspapier erhoben hatte. Die Naturdenkmalliste ist ein wichtiger Schritt, so der umweltpolitische Sprecher Ralph Saxe,&#8230;<\/p>\n","protected":false},"author":139,"featured_media":444,"comment_status":"closed","ping_status":"closed","sticky":false,"template":"","format":"standard","meta":{"footnotes":""},"categories":[6],"tags":[232],"class_list":["post-12426","post","type-post","status-publish","format-standard","has-post-thumbnail","hentry","category-presse","tag-umweltschutz"],"_links":{"self":[{"href":"https:\/\/wordpress44.gcms.verdigado.net\/alteseite\/wp-json\/wp\/v2\/posts\/12426","targetHints":{"allow":["GET"]}}],"collection":[{"href":"https:\/\/wordpress44.gcms.verdigado.net\/alteseite\/wp-json\/wp\/v2\/posts"}],"about":[{"href":"https:\/\/wordpress44.gcms.verdigado.net\/alteseite\/wp-json\/wp\/v2\/types\/post"}],"author":[{"embeddable":true,"href":"https:\/\/wordpress44.gcms.verdigado.net\/alteseite\/wp-json\/wp\/v2\/users\/139"}],"replies":[{"embeddable":true,"href":"https:\/\/wordpress44.gcms.verdigado.net\/alteseite\/wp-json\/wp\/v2\/comments?post=12426"}],"version-history":[{"count":1,"href":"https:\/\/wordpress44.gcms.verdigado.net\/alteseite\/wp-json\/wp\/v2\/posts\/12426\/revisions"}],"predecessor-version":[{"id":12427,"href":"https:\/\/wordpress44.gcms.verdigado.net\/alteseite\/wp-json\/wp\/v2\/posts\/12426\/revisions\/12427"}],"wp:featuredmedia":[{"embeddable":true,"href":"https:\/\/wordpress44.gcms.verdigado.net\/alteseite\/wp-json\/wp\/v2\/media\/444"}],"wp:attachment":[{"href":"https:\/\/wordpress44.gcms.verdigado.net\/alteseite\/wp-json\/wp\/v2\/media?parent=12426"}],"wp:term":[{"taxonomy":"category","embeddable":true,"href":"https:\/\/wordpress44.gcms.verdigado.net\/alteseite\/wp-json\/wp\/v2\/categories?post=12426"},{"taxonomy":"post_tag","embeddable":true,"href":"https:\/\/wordpress44.gcms.verdigado.net\/alteseite\/wp-json\/wp\/v2\/tags?post=12426"}],"curies":[{"name":"wp","href":"https:\/\/api.w.org\/{rel}","templated":true}]}}