{"id":12170,"date":"2023-03-24T09:42:32","date_gmt":"2023-03-24T08:42:32","guid":{"rendered":"https:\/\/gruene-bremen.de\/?p=12170"},"modified":"2023-03-24T09:58:45","modified_gmt":"2023-03-24T08:58:45","slug":"gesetz-beschlossen-solardaechern-gehoert-die-zukunft","status":"publish","type":"post","link":"https:\/\/wordpress44.gcms.verdigado.net\/alteseite\/gesetz-beschlossen-solardaechern-gehoert-die-zukunft\/","title":{"rendered":"Gesetz beschlossen: Solard\u00e4chern geh\u00f6rt die Zukunft"},"content":{"rendered":"<p>Geb\u00e4ude in Bremen und Bremerhaven werden k\u00fcnftig f\u00fcr eine klimafreundliche und unabh\u00e4ngige Energieversorgung zunehmend eine Solaranlage auf dem Dach haben: Der Landtag hat am Donnerstag das entsprechende Solargesetz in 1. Lesung beschlossen. F\u00fcr Neubauten gilt die Verpflichtung demnach ab 1. Juli 2025, wenn das Dach mindestens 50 Quadratmeter gro\u00df ist. Mindestens die H\u00e4lfte des Daches muss dann mit\u00a0 Photovoltaikanlagen best\u00fcckt werden. Auch Bestandsgeb\u00e4ude m\u00fcssen mit Solaranlagen nachger\u00fcstet werden \u2013 allerdings erst dann, wenn das Dach ohnehin vollst\u00e4ndig erneuert wird. Diese Regelung gilt ab 1. Juli 2024. Ausnahmen von der Verpflichtung sind f\u00fcr Dachfl\u00e4chen und Geb\u00e4ude ber\u00fccksichtigt, die f\u00fcr Solaranlagen ungeeignet sind. Das Gesetz nimmt zudem R\u00fccksicht auf H\u00e4rtef\u00e4lle. Falls das Bundesf\u00f6rderprogramm in Einzelf\u00e4llen nicht greift, ist eine F\u00f6rderung durch die Bremer Aufbaubank\u00a0 vorgesehen. Das Gesetz soll mit den genannten \u00dcbergangsfristen nach der zweiten Lesung ab Mai in Kraft treten.<\/p>\n<p>Die Solardachpflicht ist ein wesentlicher Zwischenschritt auf dem Weg zur Klimaneutralit\u00e4t, betont der klimapolitische Sprecher Philipp Bruck: \u201eAuf jedes geeignete Dach geh\u00f6rt angesichts der Klimakrise eine Solaranlage. Egal ob beim Neubau oder bei der Sanierung eines Altbaus. Das Gesetz treibt die dringend erforderliche Energiewende voran. Die erforderliche Investition in Solard\u00e4cher macht sich auch f\u00fcr die B\u00fcrger*innen bezahlt. Wer viel von der gewonnenen Solarenergie selbst nutzt, hat die Kosten bald wieder raus. Die Energieversorgung wird damit klimafreundlich und sicher. Wir lassen die Menschen damit nicht alleine. Neben Beratungsangeboten im Klima-Bauzentrum richten wir ein F\u00f6rderprogramm f\u00fcr H\u00e4rtef\u00e4lle ein, die nicht auf die Bundesf\u00f6rderung zur\u00fcckgreifen k\u00f6nnen. Wir machen mit diesem Gesetz realistische Vorgaben und setzen \u00dcbergangsfristen, die zugleich den Ernst des beschleunigten Klimawandels ber\u00fccksichtigen.\u201c<\/p>\n","protected":false},"excerpt":{"rendered":"<p>Geb\u00e4ude in Bremen und Bremerhaven werden k\u00fcnftig f\u00fcr eine klimafreundliche und unabh\u00e4ngige Energieversorgung zunehmend eine Solaranlage auf dem Dach haben: Der Landtag hat am Donnerstag das entsprechende Solargesetz in 1. Lesung beschlossen. F\u00fcr Neubauten gilt die Verpflichtung demnach ab 1. Juli 2025, wenn das Dach mindestens 50 Quadratmeter gro\u00df ist. Mindestens die H\u00e4lfte des Daches&#8230;<\/p>\n","protected":false},"author":144,"featured_media":0,"comment_status":"closed","ping_status":"closed","sticky":false,"template":"","format":"chat","meta":{"footnotes":""},"categories":[2,6],"tags":[205],"class_list":["post-12170","post","type-post","status-publish","format-chat","hentry","category-aktuelles","category-presse","tag-klimapolitik","post_format-post-format-chat"],"_links":{"self":[{"href":"https:\/\/wordpress44.gcms.verdigado.net\/alteseite\/wp-json\/wp\/v2\/posts\/12170","targetHints":{"allow":["GET"]}}],"collection":[{"href":"https:\/\/wordpress44.gcms.verdigado.net\/alteseite\/wp-json\/wp\/v2\/posts"}],"about":[{"href":"https:\/\/wordpress44.gcms.verdigado.net\/alteseite\/wp-json\/wp\/v2\/types\/post"}],"author":[{"embeddable":true,"href":"https:\/\/wordpress44.gcms.verdigado.net\/alteseite\/wp-json\/wp\/v2\/users\/144"}],"replies":[{"embeddable":true,"href":"https:\/\/wordpress44.gcms.verdigado.net\/alteseite\/wp-json\/wp\/v2\/comments?post=12170"}],"version-history":[{"count":1,"href":"https:\/\/wordpress44.gcms.verdigado.net\/alteseite\/wp-json\/wp\/v2\/posts\/12170\/revisions"}],"predecessor-version":[{"id":12171,"href":"https:\/\/wordpress44.gcms.verdigado.net\/alteseite\/wp-json\/wp\/v2\/posts\/12170\/revisions\/12171"}],"wp:attachment":[{"href":"https:\/\/wordpress44.gcms.verdigado.net\/alteseite\/wp-json\/wp\/v2\/media?parent=12170"}],"wp:term":[{"taxonomy":"category","embeddable":true,"href":"https:\/\/wordpress44.gcms.verdigado.net\/alteseite\/wp-json\/wp\/v2\/categories?post=12170"},{"taxonomy":"post_tag","embeddable":true,"href":"https:\/\/wordpress44.gcms.verdigado.net\/alteseite\/wp-json\/wp\/v2\/tags?post=12170"}],"curies":[{"name":"wp","href":"https:\/\/api.w.org\/{rel}","templated":true}]}}