{"id":12155,"date":"2023-03-21T19:30:59","date_gmt":"2023-03-21T18:30:59","guid":{"rendered":"https:\/\/gruene-bremen.de\/?p=12155"},"modified":"2023-03-22T14:00:27","modified_gmt":"2023-03-22T13:00:27","slug":"aus-fuer-bestehende-schottergaerten-beschlossen","status":"publish","type":"post","link":"https:\/\/wordpress44.gcms.verdigado.net\/alteseite\/aus-fuer-bestehende-schottergaerten-beschlossen\/","title":{"rendered":"Aus f\u00fcr bestehende Schotterg\u00e4rten beschlossen"},"content":{"rendered":"<p>In Bremen m\u00fcssen bereits bestehende Schotterg\u00e4rten entsiegelt werden. Eigent\u00fcmer*innen haben daf\u00fcr eine \u00dcbergangsfrist bis 2026. Das sieht die Novelle des Begr\u00fcnungsortsgesetzes vor, das die Stadtb\u00fcrgerschaft am Dienstag beschlossen hat. Demnach werden k\u00fcnftig begr\u00fcnte D\u00e4cher auch f\u00fcr neue Reihenh\u00e4user und Hallen zur Pflicht. Das gilt ab einer Dachfl\u00e4che von 50 Quadratmetern.<\/p>\n<p><a href=\"https:\/\/gruene-bremen.de\/verbot-fuer-bestehende-schottergaerten-geplant\/\" target=\"_blank\" rel=\"noopener\">Das Verbot von Schotterg\u00e4rten und die striktere Gr\u00fcndachpflicht<\/a> f\u00f6rdern die Biodiversit\u00e4t und sorgen f\u00fcr mehr Klimaschutz, erl\u00e4utert der umweltpolitische Sprecher Ralph Saxe: \u201eSchotterg\u00e4rten heizen im Sommer die Stadt auf und schaden der Artenvielfalt. Diese lebensfeindlichen Steinw\u00fcsten braucht kein Mensch. Die Gesetzesnovelle macht damit angesichts der Klimakrise jetzt Schluss. Schlie\u00dflich gibt es auch pflegearme Alternativen, die f\u00fcr die Biodiversit\u00e4t allemal besser sind als toter Schotter. Die Klimakrise erfordert zudem ein Umdenken in unserer Art zu bauen. Auf Neubauten geh\u00f6rt fortan ein begr\u00fcntes Dach. Gr\u00fcnd\u00e4cher sorgen f\u00fcr mehr Hitzeschutz und senken die \u00dcberflutungsgefahr infolge von Starkregen.\u201c<\/p>\n","protected":false},"excerpt":{"rendered":"<p>In Bremen m\u00fcssen bereits bestehende Schotterg\u00e4rten entsiegelt werden. Eigent\u00fcmer*innen haben daf\u00fcr eine \u00dcbergangsfrist bis 2026. Das sieht die Novelle des Begr\u00fcnungsortsgesetzes vor, das die Stadtb\u00fcrgerschaft am Dienstag beschlossen hat. Demnach werden k\u00fcnftig begr\u00fcnte D\u00e4cher auch f\u00fcr neue Reihenh\u00e4user und Hallen zur Pflicht. Das gilt ab einer Dachfl\u00e4che von 50 Quadratmetern. Das Verbot von Schotterg\u00e4rten und&#8230;<\/p>\n","protected":false},"author":144,"featured_media":0,"comment_status":"closed","ping_status":"closed","sticky":false,"template":"","format":"chat","meta":{"footnotes":""},"categories":[2,6],"tags":[232],"class_list":["post-12155","post","type-post","status-publish","format-chat","hentry","category-aktuelles","category-presse","tag-umweltschutz","post_format-post-format-chat"],"_links":{"self":[{"href":"https:\/\/wordpress44.gcms.verdigado.net\/alteseite\/wp-json\/wp\/v2\/posts\/12155","targetHints":{"allow":["GET"]}}],"collection":[{"href":"https:\/\/wordpress44.gcms.verdigado.net\/alteseite\/wp-json\/wp\/v2\/posts"}],"about":[{"href":"https:\/\/wordpress44.gcms.verdigado.net\/alteseite\/wp-json\/wp\/v2\/types\/post"}],"author":[{"embeddable":true,"href":"https:\/\/wordpress44.gcms.verdigado.net\/alteseite\/wp-json\/wp\/v2\/users\/144"}],"replies":[{"embeddable":true,"href":"https:\/\/wordpress44.gcms.verdigado.net\/alteseite\/wp-json\/wp\/v2\/comments?post=12155"}],"version-history":[{"count":1,"href":"https:\/\/wordpress44.gcms.verdigado.net\/alteseite\/wp-json\/wp\/v2\/posts\/12155\/revisions"}],"predecessor-version":[{"id":12156,"href":"https:\/\/wordpress44.gcms.verdigado.net\/alteseite\/wp-json\/wp\/v2\/posts\/12155\/revisions\/12156"}],"wp:attachment":[{"href":"https:\/\/wordpress44.gcms.verdigado.net\/alteseite\/wp-json\/wp\/v2\/media?parent=12155"}],"wp:term":[{"taxonomy":"category","embeddable":true,"href":"https:\/\/wordpress44.gcms.verdigado.net\/alteseite\/wp-json\/wp\/v2\/categories?post=12155"},{"taxonomy":"post_tag","embeddable":true,"href":"https:\/\/wordpress44.gcms.verdigado.net\/alteseite\/wp-json\/wp\/v2\/tags?post=12155"}],"curies":[{"name":"wp","href":"https:\/\/api.w.org\/{rel}","templated":true}]}}