{"id":12108,"date":"2023-03-15T16:54:01","date_gmt":"2023-03-15T15:54:01","guid":{"rendered":"https:\/\/gruene-bremen.de\/?p=12108"},"modified":"2023-03-15T16:54:01","modified_gmt":"2023-03-15T15:54:01","slug":"bremen-macht-solardaecher-fuer-neubauten-zur-pflicht","status":"publish","type":"post","link":"https:\/\/wordpress44.gcms.verdigado.net\/alteseite\/bremen-macht-solardaecher-fuer-neubauten-zur-pflicht\/","title":{"rendered":"Bremen macht Solard\u00e4cher f\u00fcr Neubauten zur Pflicht"},"content":{"rendered":"<p>Bremen und Bremerhaven werden Solar Cities: Die Deputationen f\u00fcr Klima und f\u00fcr Bau haben heute auf einer gemeinsamen Sondersitzung die gesetzlich verankerte Solardachpflicht beschlossen. Bei Neubauten muss demnach i.d.R. fortan die H\u00e4lfte der Dachfl\u00e4che mit Photovoltaikanlagen best\u00fcckt werden. Vorausgesetzt, das Dach ist mindestens 50 Quadratmeter gro\u00df. Auch Bestandsgeb\u00e4ude m\u00fcssen k\u00fcnftig mit Solaranlagen nachger\u00fcstet werden \u2013 allerdings erst dann, wenn das Dach vollst\u00e4ndig erneuert wird. Die Solardachpflicht nimmt R\u00fccksicht auf H\u00e4rtef\u00e4lle. Falls das Bundesf\u00f6rderprogramm in Einzelf\u00e4llen nicht greift, ist eine F\u00f6rderung durch die Bremer Aufbaubank vorgesehen. Wirtschaftlich unzumutbare Anlagen m\u00fcssen nicht gebaut werden. Das Gesetz muss nach den Deputationen noch den Senat und die B\u00fcrgerschaft passieren.<\/p>\n<p>Mit der Ausformulierung der Solardachpflicht beschlie\u00dft Bremen im Bundesvergleich eines der ambitioniertesten Gesetze, so der klimapolitische Sprecher Philipp Bruck: \u201eAuf jedes neue Dach geh\u00f6rt k\u00fcnftig eine Solaranlage \u2013 egal ob im Neubau oder bei der Sanierung eines Dachstuhls. Die Solardachpflicht ist ein Erfolg f\u00fcr die Energiewende im Land Bremen. Solarenergie wird damit zum Standard. Wir machen mit diesem Gesetz realistische Vorgaben. Das schafft Klarheit und Sicherheit f\u00fcr alle, die ein Geb\u00e4ude errichten. Durch die z\u00fcgige G\u00fcltigkeit auch f\u00fcr Bestandsgeb\u00e4ude verhindern wir Lock-in-Effekte und sorgen so daf\u00fcr, dass nach und nach die allermeisten D\u00e4cher mit Photovoltaikanlagen ausgestattet werden. Wer viel von der gewonnenen Solarenergie selbst nutzt, hat die Kosten bald wieder raus und wird unabh\u00e4ngiger von der Strompreisentwicklung. Wir gestalten die Solardachpflicht sozial vertr\u00e4glich, damit niemand \u00fcberfordert wird. So legen wir ein F\u00f6rderprogramm f\u00fcr H\u00e4rtef\u00e4lle auf. Unterm Strich ist die Solardachpflicht ein wichtiger Zwischenschritt auf dem Weg zur Klimaneutralit\u00e4t und schafft f\u00fcr die B\u00fcrger*innen mehr Unabh\u00e4ngigkeit bei der Energieversorgung.\u201c<\/p>\n","protected":false},"excerpt":{"rendered":"<p>Bremen und Bremerhaven werden Solar Cities: Die Deputationen f\u00fcr Klima und f\u00fcr Bau haben heute auf einer gemeinsamen Sondersitzung die gesetzlich verankerte Solardachpflicht beschlossen. Bei Neubauten muss demnach i.d.R. fortan die H\u00e4lfte der Dachfl\u00e4che mit Photovoltaikanlagen best\u00fcckt werden. Vorausgesetzt, das Dach ist mindestens 50 Quadratmeter gro\u00df. Auch Bestandsgeb\u00e4ude m\u00fcssen k\u00fcnftig mit Solaranlagen nachger\u00fcstet werden \u2013&#8230;<\/p>\n","protected":false},"author":144,"featured_media":0,"comment_status":"closed","ping_status":"closed","sticky":false,"template":"","format":"chat","meta":{"footnotes":""},"categories":[184,6],"tags":[205],"class_list":["post-12108","post","type-post","status-publish","format-chat","hentry","category-instagram","category-presse","tag-klimapolitik","post_format-post-format-chat"],"_links":{"self":[{"href":"https:\/\/wordpress44.gcms.verdigado.net\/alteseite\/wp-json\/wp\/v2\/posts\/12108","targetHints":{"allow":["GET"]}}],"collection":[{"href":"https:\/\/wordpress44.gcms.verdigado.net\/alteseite\/wp-json\/wp\/v2\/posts"}],"about":[{"href":"https:\/\/wordpress44.gcms.verdigado.net\/alteseite\/wp-json\/wp\/v2\/types\/post"}],"author":[{"embeddable":true,"href":"https:\/\/wordpress44.gcms.verdigado.net\/alteseite\/wp-json\/wp\/v2\/users\/144"}],"replies":[{"embeddable":true,"href":"https:\/\/wordpress44.gcms.verdigado.net\/alteseite\/wp-json\/wp\/v2\/comments?post=12108"}],"version-history":[{"count":1,"href":"https:\/\/wordpress44.gcms.verdigado.net\/alteseite\/wp-json\/wp\/v2\/posts\/12108\/revisions"}],"predecessor-version":[{"id":12109,"href":"https:\/\/wordpress44.gcms.verdigado.net\/alteseite\/wp-json\/wp\/v2\/posts\/12108\/revisions\/12109"}],"wp:attachment":[{"href":"https:\/\/wordpress44.gcms.verdigado.net\/alteseite\/wp-json\/wp\/v2\/media?parent=12108"}],"wp:term":[{"taxonomy":"category","embeddable":true,"href":"https:\/\/wordpress44.gcms.verdigado.net\/alteseite\/wp-json\/wp\/v2\/categories?post=12108"},{"taxonomy":"post_tag","embeddable":true,"href":"https:\/\/wordpress44.gcms.verdigado.net\/alteseite\/wp-json\/wp\/v2\/tags?post=12108"}],"curies":[{"name":"wp","href":"https:\/\/api.w.org\/{rel}","templated":true}]}}