{"id":12039,"date":"2023-03-09T10:44:51","date_gmt":"2023-03-09T09:44:51","guid":{"rendered":"https:\/\/gruene-bremen.de\/?p=12039"},"modified":"2023-03-09T10:44:51","modified_gmt":"2023-03-09T09:44:51","slug":"baumbestand-in-bremen-erhoeht-und-schutz-verbessert","status":"publish","type":"post","link":"https:\/\/wordpress44.gcms.verdigado.net\/alteseite\/baumbestand-in-bremen-erhoeht-und-schutz-verbessert\/","title":{"rendered":"Baumbestand in Bremen erh\u00f6ht und Schutz verbessert"},"content":{"rendered":"<p>Besserer Baumschutz auf Baustellen, Klimaw\u00e4lder in benachteiligten Stadtteilen, mehr Stra\u00dfenb\u00e4ume und l\u00e4ngere Pflege von Jungb\u00e4umen sowie die geplante Versch\u00e4rfung der Baumschutzverordnung in Bremen und Bremerhaven \u2013 das \u201aHandlungskonzept Stadtb\u00e4ume\u2018 entfaltet seine Wirkung.\u00a0 Das belegt der aktuelle Sachstandsbericht, mit dem sich heute die Umweltdeputation besch\u00e4ftigt. \u201eDas ist ein echter Fortschrittsbericht. Der Bestand an Stra\u00dfenb\u00e4umen hat seit 2019 erkennbar um 2000 B\u00e4ume zugenommen. Und das, obwohl die Trockenheit der letzten Jahre den B\u00e4umen sichtbar zusetzt und zu verst\u00e4rktem Verlust gef\u00fchrt hat. Viele Handlungsfelder des Konzeptes sind inzwischen umgesetzt. Bei Bauma\u00dfnahmen st\u00e4rken Kontrollen, Baumbestandsbescheinigungen und eine herausgehobene Rolle des \u00f6ffentlichen Gr\u00fcns in Baupl\u00e4nen den Baumschutz. Auch gr\u00f6\u00dfere Pflanzgruben und Baumscheiben sowie die l\u00e4ngere Bew\u00e4sserung verbessern die Lebensbedingungen der Stadtb\u00e4ume\u201c, so der umweltpolitische Sprecher Ralph Saxe.<\/p>\n<p>Um alte B\u00e4ume noch besser zu sch\u00fctzen, fordert der Gr\u00fcnen-Politiker mehr Personal f\u00fcr\u00a0 Baustellen-Kontrollen und die z\u00fcgige Umsetzung der neuen Baumschutzverordnung: \u201eB\u00e4ume sind ein enorm wichtiger Faktor beim Kampf gegen Klimakrise und den dramatischen Biodiversit\u00e4tsverlust. Sie sind der wichtigste Baustein der Klimaanpassung und spenden Lebensqualit\u00e4t gerade auch in der Stadt. Ihr Schutz muss weiter erh\u00f6ht werden. Eine neue Baumschutzsatzung ist f\u00fcr dieses Jahr in der Pipeline und greift unsere Vorschl\u00e4ge auf. Fast alle B\u00e4ume mit einem Stammumfang \u00fcber 80 Zentimetern sollen k\u00fcnftig unter Schutz gestellt werden. Alleen und stadtbildpr\u00e4gende Hecken sollen ebenfalls gesch\u00fctzt werden. Wir werden mehr Fl\u00e4chen entsiegeln und viele neue Baumstandorte finden. 100.000 Stra\u00dfenb\u00e4ume statt jetzt 73.000 m\u00fcssen auf mittlere Sicht das Ziel sein. F\u00fcr den Schutz der Altb\u00e4ume braucht es mehr Kontrollen von Bauma\u00dfnahmen im \u00f6ffentlichen Raum. Das Personal sollte daf\u00fcr verdoppelt werden. Selbst finanziell rechnet sich das: Die urbane Rendite von Baumschutz und Baumpflanzungen ist herausragend\u201c, unterstreicht Ralph Saxe.<\/p>\n","protected":false},"excerpt":{"rendered":"<p>Besserer Baumschutz auf Baustellen, Klimaw\u00e4lder in benachteiligten Stadtteilen, mehr Stra\u00dfenb\u00e4ume und l\u00e4ngere Pflege von Jungb\u00e4umen sowie die geplante Versch\u00e4rfung der Baumschutzverordnung in Bremen und Bremerhaven \u2013 das \u201aHandlungskonzept Stadtb\u00e4ume\u2018 entfaltet seine Wirkung.\u00a0 Das belegt der aktuelle Sachstandsbericht, mit dem sich heute die Umweltdeputation besch\u00e4ftigt. \u201eDas ist ein echter Fortschrittsbericht. Der Bestand an Stra\u00dfenb\u00e4umen hat seit&#8230;<\/p>\n","protected":false},"author":144,"featured_media":0,"comment_status":"closed","ping_status":"closed","sticky":false,"template":"","format":"chat","meta":{"footnotes":""},"categories":[2,6],"tags":[232],"class_list":["post-12039","post","type-post","status-publish","format-chat","hentry","category-aktuelles","category-presse","tag-umweltschutz","post_format-post-format-chat"],"_links":{"self":[{"href":"https:\/\/wordpress44.gcms.verdigado.net\/alteseite\/wp-json\/wp\/v2\/posts\/12039","targetHints":{"allow":["GET"]}}],"collection":[{"href":"https:\/\/wordpress44.gcms.verdigado.net\/alteseite\/wp-json\/wp\/v2\/posts"}],"about":[{"href":"https:\/\/wordpress44.gcms.verdigado.net\/alteseite\/wp-json\/wp\/v2\/types\/post"}],"author":[{"embeddable":true,"href":"https:\/\/wordpress44.gcms.verdigado.net\/alteseite\/wp-json\/wp\/v2\/users\/144"}],"replies":[{"embeddable":true,"href":"https:\/\/wordpress44.gcms.verdigado.net\/alteseite\/wp-json\/wp\/v2\/comments?post=12039"}],"version-history":[{"count":1,"href":"https:\/\/wordpress44.gcms.verdigado.net\/alteseite\/wp-json\/wp\/v2\/posts\/12039\/revisions"}],"predecessor-version":[{"id":12040,"href":"https:\/\/wordpress44.gcms.verdigado.net\/alteseite\/wp-json\/wp\/v2\/posts\/12039\/revisions\/12040"}],"wp:attachment":[{"href":"https:\/\/wordpress44.gcms.verdigado.net\/alteseite\/wp-json\/wp\/v2\/media?parent=12039"}],"wp:term":[{"taxonomy":"category","embeddable":true,"href":"https:\/\/wordpress44.gcms.verdigado.net\/alteseite\/wp-json\/wp\/v2\/categories?post=12039"},{"taxonomy":"post_tag","embeddable":true,"href":"https:\/\/wordpress44.gcms.verdigado.net\/alteseite\/wp-json\/wp\/v2\/tags?post=12039"}],"curies":[{"name":"wp","href":"https:\/\/api.w.org\/{rel}","templated":true}]}}