{"id":11745,"date":"2023-02-21T17:17:41","date_gmt":"2023-02-21T16:17:41","guid":{"rendered":"https:\/\/gruene-bremen.de\/?p=11745"},"modified":"2023-02-21T17:17:41","modified_gmt":"2023-02-21T16:17:41","slug":"zynische-cdu-kritik-trifft-bsag-beschaeftigte","status":"publish","type":"post","link":"https:\/\/wordpress44.gcms.verdigado.net\/alteseite\/zynische-cdu-kritik-trifft-bsag-beschaeftigte\/","title":{"rendered":"Zynische CDU-Kritik trifft BSAG-Besch\u00e4ftigte"},"content":{"rendered":"<p>Als bodenlose Frechheit der CDU gegen\u00fcber den Mitarbeiter*innen der BSAG weist die Gr\u00fcnen-Fraktion die heutige Kritik am ausged\u00fcnnten Fahrplan zur\u00fcck. Der verkehrspolitische Sprecher Ralph Saxe fordert die Christdemokraten zu einer Entschuldigung gegen\u00fcber dem Verkehrsbetrieb und den engagierten Besch\u00e4ftigten auf: \u201eDie BSAG hat den Fahrplan aufgrund erheblicher Krankheitsf\u00e4lle im Zuge der Corona-Pandemie und der Grippewelle ausged\u00fcnnt. In dieser Lage ausgebliebene Taktverbesserungen zu bejammern, ist an Zynismus kaum zu \u00fcberbieten. Die CDU trifft mit ihrer Kritik nicht das Verkehrsressort, sondern die erkrankten Mitarbeiter*innen der BSAG. Wir stehen zu allen Bus- und Stra\u00dfenbahnfahrer*innen, die trotz angespannter Personaldecke und zunehmender gesellschaftlicher Verrohung die Fahrg\u00e4ste t\u00e4glich an ihr Ziel bringen. Selbstverst\u00e4ndlich w\u00fcnschen auch wir uns f\u00fcr die Verkehrswende schnellere Takte. Diese werden auch nach 150 weiteren Einstellungen kommen. Aber zus\u00e4tzliches Personal kann man sich nicht mal eben backen, wie die CDU suggeriert. Ihr stumpfes Wahlkampfget\u00f6se gegen die Verkehrssenatorin ist in dieser Lage mehr als deplatziert.\u201c<\/p>\n","protected":false},"excerpt":{"rendered":"<p>Als bodenlose Frechheit der CDU gegen\u00fcber den Mitarbeiter*innen der BSAG weist die Gr\u00fcnen-Fraktion die heutige Kritik am ausged\u00fcnnten Fahrplan zur\u00fcck. Der verkehrspolitische Sprecher Ralph Saxe fordert die Christdemokraten zu einer Entschuldigung gegen\u00fcber dem Verkehrsbetrieb und den engagierten Besch\u00e4ftigten auf: \u201eDie BSAG hat den Fahrplan aufgrund erheblicher Krankheitsf\u00e4lle im Zuge der Corona-Pandemie und der Grippewelle ausged\u00fcnnt&#8230;.<\/p>\n","protected":false},"author":144,"featured_media":0,"comment_status":"closed","ping_status":"closed","sticky":false,"template":"","format":"chat","meta":{"footnotes":""},"categories":[2,6],"tags":[95],"class_list":["post-11745","post","type-post","status-publish","format-chat","hentry","category-aktuelles","category-presse","tag-verkehrspolitik","post_format-post-format-chat"],"_links":{"self":[{"href":"https:\/\/wordpress44.gcms.verdigado.net\/alteseite\/wp-json\/wp\/v2\/posts\/11745","targetHints":{"allow":["GET"]}}],"collection":[{"href":"https:\/\/wordpress44.gcms.verdigado.net\/alteseite\/wp-json\/wp\/v2\/posts"}],"about":[{"href":"https:\/\/wordpress44.gcms.verdigado.net\/alteseite\/wp-json\/wp\/v2\/types\/post"}],"author":[{"embeddable":true,"href":"https:\/\/wordpress44.gcms.verdigado.net\/alteseite\/wp-json\/wp\/v2\/users\/144"}],"replies":[{"embeddable":true,"href":"https:\/\/wordpress44.gcms.verdigado.net\/alteseite\/wp-json\/wp\/v2\/comments?post=11745"}],"version-history":[{"count":1,"href":"https:\/\/wordpress44.gcms.verdigado.net\/alteseite\/wp-json\/wp\/v2\/posts\/11745\/revisions"}],"predecessor-version":[{"id":11746,"href":"https:\/\/wordpress44.gcms.verdigado.net\/alteseite\/wp-json\/wp\/v2\/posts\/11745\/revisions\/11746"}],"wp:attachment":[{"href":"https:\/\/wordpress44.gcms.verdigado.net\/alteseite\/wp-json\/wp\/v2\/media?parent=11745"}],"wp:term":[{"taxonomy":"category","embeddable":true,"href":"https:\/\/wordpress44.gcms.verdigado.net\/alteseite\/wp-json\/wp\/v2\/categories?post=11745"},{"taxonomy":"post_tag","embeddable":true,"href":"https:\/\/wordpress44.gcms.verdigado.net\/alteseite\/wp-json\/wp\/v2\/tags?post=11745"}],"curies":[{"name":"wp","href":"https:\/\/api.w.org\/{rel}","templated":true}]}}