{"id":11640,"date":"2023-02-15T14:16:35","date_gmt":"2023-02-15T13:16:35","guid":{"rendered":"https:\/\/gruene-bremen.de\/?p=11640"},"modified":"2023-02-15T14:16:35","modified_gmt":"2023-02-15T13:16:35","slug":"bremens-klimaziele-erhalten-gesetzeskraft","status":"publish","type":"post","link":"https:\/\/wordpress44.gcms.verdigado.net\/alteseite\/bremens-klimaziele-erhalten-gesetzeskraft\/","title":{"rendered":"Bremens Klimaziele erhalten Gesetzeskraft"},"content":{"rendered":"<p>Mit der Novelle des Bremischen Klimaschutz- und Energiegesetzes (KEG), die am Mittwoch in der Umweltdeputation auf der Tagesordnung steht, werden die Bremer Klimaziele verbindlich. Demnach muss das Land den CO<sub>2<\/sub>-Aussto\u00df einschlie\u00dflich der Stahlindustrie bis 2030 um mindestens 60 Prozent gegen\u00fcber dem Niveau von 1990 senken und in weiteren Schritten bis 2038 klimaneutral werden. Das Gesetz schreibt k\u00fcnftig vor, wie viel klimasch\u00e4dliche Emissionen in einzelnen Sektoren wie z.B. Verkehr oder auch Gewerbe vermieden werden m\u00fcssen. Au\u00dferdem werden damit konkrete Handlungsstrategien festgelegt. So soll beispielsweise die W\u00e4rmeversorgung von Geb\u00e4uden zunehmend aus erneuerbaren Energien erfolgen und Moore sollen f\u00fcr die CO<sub>2<\/sub>-Speicherung wiedervern\u00e4sst werden. Nicht zuletzt wird ein wissenschaftlicher Sachverst\u00e4ndigenrat eingesetzt, der die Einhaltung der Klimaziele beobachten und ggf. weitere Ma\u00dfnahmen vorschlagen soll.<\/p>\n<p>Das Ziel der Gesetzesnovelle ist, mit starkem Klimaschutz die nat\u00fcrlichen Lebensgrundlagen zu erhalten und so auch die Wettbewerbsf\u00e4higkeit zu sichern, betont der klimapolitische Sprecher Philipp Bruck: \u201eMit dieser Novelle verankern wir die Beschl\u00fcsse der Enquetekommission jetzt im Klimaschutzgesetz. Unsere Klimaziele sind damit fortan gesetzlich verankert. Das ist eine gute Nachricht f\u00fcr den Klimaschutz. Der Sachverst\u00e4ndigenrat, der jetzt gegr\u00fcndet wird, wird die klimapolitische Debatte bereichern. Wir kn\u00fcpfen damit an die guten Erfahrungen der Klima-Enquetekommission an. Auch in Zukunft setzen wir auf eine Klimapolitik, die sich an den wissenschaftlichen Notwendigkeiten orientiert.\u201c<\/p>\n","protected":false},"excerpt":{"rendered":"<p>Mit der Novelle des Bremischen Klimaschutz- und Energiegesetzes (KEG), die am Mittwoch in der Umweltdeputation auf der Tagesordnung steht, werden die Bremer Klimaziele verbindlich. Demnach muss das Land den CO2-Aussto\u00df einschlie\u00dflich der Stahlindustrie bis 2030 um mindestens 60 Prozent gegen\u00fcber dem Niveau von 1990 senken und in weiteren Schritten bis 2038 klimaneutral werden. Das Gesetz&#8230;<\/p>\n","protected":false},"author":144,"featured_media":0,"comment_status":"closed","ping_status":"closed","sticky":false,"template":"","format":"chat","meta":{"footnotes":""},"categories":[2,6],"tags":[205],"class_list":["post-11640","post","type-post","status-publish","format-chat","hentry","category-aktuelles","category-presse","tag-klimapolitik","post_format-post-format-chat"],"_links":{"self":[{"href":"https:\/\/wordpress44.gcms.verdigado.net\/alteseite\/wp-json\/wp\/v2\/posts\/11640","targetHints":{"allow":["GET"]}}],"collection":[{"href":"https:\/\/wordpress44.gcms.verdigado.net\/alteseite\/wp-json\/wp\/v2\/posts"}],"about":[{"href":"https:\/\/wordpress44.gcms.verdigado.net\/alteseite\/wp-json\/wp\/v2\/types\/post"}],"author":[{"embeddable":true,"href":"https:\/\/wordpress44.gcms.verdigado.net\/alteseite\/wp-json\/wp\/v2\/users\/144"}],"replies":[{"embeddable":true,"href":"https:\/\/wordpress44.gcms.verdigado.net\/alteseite\/wp-json\/wp\/v2\/comments?post=11640"}],"version-history":[{"count":1,"href":"https:\/\/wordpress44.gcms.verdigado.net\/alteseite\/wp-json\/wp\/v2\/posts\/11640\/revisions"}],"predecessor-version":[{"id":11641,"href":"https:\/\/wordpress44.gcms.verdigado.net\/alteseite\/wp-json\/wp\/v2\/posts\/11640\/revisions\/11641"}],"wp:attachment":[{"href":"https:\/\/wordpress44.gcms.verdigado.net\/alteseite\/wp-json\/wp\/v2\/media?parent=11640"}],"wp:term":[{"taxonomy":"category","embeddable":true,"href":"https:\/\/wordpress44.gcms.verdigado.net\/alteseite\/wp-json\/wp\/v2\/categories?post=11640"},{"taxonomy":"post_tag","embeddable":true,"href":"https:\/\/wordpress44.gcms.verdigado.net\/alteseite\/wp-json\/wp\/v2\/tags?post=11640"}],"curies":[{"name":"wp","href":"https:\/\/api.w.org\/{rel}","templated":true}]}}