{"id":11289,"date":"2023-01-27T12:57:05","date_gmt":"2023-01-27T11:57:05","guid":{"rendered":"https:\/\/gruene-bremen.de\/?p=11289"},"modified":"2023-01-27T12:57:05","modified_gmt":"2023-01-27T11:57:05","slug":"klima-bauzentrum-oeffnet-als-zentrale-anlaufstelle","status":"publish","type":"post","link":"https:\/\/wordpress44.gcms.verdigado.net\/alteseite\/klima-bauzentrum-oeffnet-als-zentrale-anlaufstelle\/","title":{"rendered":"Klima-Bauzentrum \u00f6ffnet als zentrale Anlaufstelle"},"content":{"rendered":"<p>Der Geb\u00e4udebestand ist der schlafende Riese bei der Energiewende. Wer ein Haus d\u00e4mmen will, angesichts gestiegener Energiepreise und gesetzlicher Vorgaben die alte \u00d6l- oder Gasheizung durch klimafreundliche L\u00f6sungen ersetzen will oder sich mit dem Gedanken an eine Solaranlage tr\u00e4gt, findet mit dem heute er\u00f6ffneten Klima-Bauzentrum Am Brill 15 eine zentrale Anlaufstelle f\u00fcr alle Fragen. Dort k\u00f6nnen sich Bremer*innen \u00fcber alle Details einer energieeffizienten Geb\u00e4udemodernisierung kostenlos informieren und erhalten professionelle Beratung. Das Bremer Regierungsb\u00fcndnis hat f\u00fcr den Aufbau dieses Beratungszentrums unter der Federf\u00fchrung der Klimaschutzagentur energiekonsens auf gr\u00fcne Initiative insgesamt 1,25 Millionen Euro bereitgestellt.<\/p>\n<p>F\u00fcr den klimapolitischen Sprecher Philipp Bruck ist das gut angelegtes Geld, weil der Beratungsbedarf beim notwendigen Umstieg auf eine klimafreundliche W\u00e4rmeversorgung in den kommenden Jahren hoch sein werde und mit den vielen Fragen niemand alleine gelassen werden solle: \u201eViele B\u00fcrger*innen fragen sich angesichts der Klimakrise und stark gestiegener Energiepreise, wie sie ihre Wohnung oder ihr Haus klimafreundlicher und unabh\u00e4ngig von fossilen Energien machen k\u00f6nnen. Ich freue mich sehr, dass mit dem Klima-Bau-Zentrum jetzt ein zentrales Angebot alle unterst\u00fctzt, die etwas f\u00fcr die Energiewende machen wollen. Ob D\u00e4mmung, W\u00e4rmepumpe oder Solaranlage bis hin zum barrierefreien Umbau: Das neue Zentrum vereint alle Angebote rund um den Bau. Vor Ort kann man die entsprechende Technik besichtigen, au\u00dferdem werden weitergehende Beratungsangebote gemacht. Damit sind die Zeiten vorbei, in denen man f\u00fcr umfassende Informationen und Beratung von A nach B rennen musste. So werden alle Bremer*innen bei ihren Anliegen kompetent und in der Regel kostenlos unterst\u00fctzt.\u201c<\/p>\n<p>&nbsp;<\/p>\n","protected":false},"excerpt":{"rendered":"<p>Der Geb\u00e4udebestand ist der schlafende Riese bei der Energiewende. Wer ein Haus d\u00e4mmen will, angesichts gestiegener Energiepreise und gesetzlicher Vorgaben die alte \u00d6l- oder Gasheizung durch klimafreundliche L\u00f6sungen ersetzen will oder sich mit dem Gedanken an eine Solaranlage tr\u00e4gt, findet mit dem heute er\u00f6ffneten Klima-Bauzentrum Am Brill 15 eine zentrale Anlaufstelle f\u00fcr alle Fragen. Dort&#8230;<\/p>\n","protected":false},"author":144,"featured_media":0,"comment_status":"closed","ping_status":"closed","sticky":false,"template":"","format":"chat","meta":{"footnotes":""},"categories":[2,184,6],"tags":[205],"class_list":["post-11289","post","type-post","status-publish","format-chat","hentry","category-aktuelles","category-instagram","category-presse","tag-klimapolitik","post_format-post-format-chat"],"_links":{"self":[{"href":"https:\/\/wordpress44.gcms.verdigado.net\/alteseite\/wp-json\/wp\/v2\/posts\/11289","targetHints":{"allow":["GET"]}}],"collection":[{"href":"https:\/\/wordpress44.gcms.verdigado.net\/alteseite\/wp-json\/wp\/v2\/posts"}],"about":[{"href":"https:\/\/wordpress44.gcms.verdigado.net\/alteseite\/wp-json\/wp\/v2\/types\/post"}],"author":[{"embeddable":true,"href":"https:\/\/wordpress44.gcms.verdigado.net\/alteseite\/wp-json\/wp\/v2\/users\/144"}],"replies":[{"embeddable":true,"href":"https:\/\/wordpress44.gcms.verdigado.net\/alteseite\/wp-json\/wp\/v2\/comments?post=11289"}],"version-history":[{"count":1,"href":"https:\/\/wordpress44.gcms.verdigado.net\/alteseite\/wp-json\/wp\/v2\/posts\/11289\/revisions"}],"predecessor-version":[{"id":11290,"href":"https:\/\/wordpress44.gcms.verdigado.net\/alteseite\/wp-json\/wp\/v2\/posts\/11289\/revisions\/11290"}],"wp:attachment":[{"href":"https:\/\/wordpress44.gcms.verdigado.net\/alteseite\/wp-json\/wp\/v2\/media?parent=11289"}],"wp:term":[{"taxonomy":"category","embeddable":true,"href":"https:\/\/wordpress44.gcms.verdigado.net\/alteseite\/wp-json\/wp\/v2\/categories?post=11289"},{"taxonomy":"post_tag","embeddable":true,"href":"https:\/\/wordpress44.gcms.verdigado.net\/alteseite\/wp-json\/wp\/v2\/tags?post=11289"}],"curies":[{"name":"wp","href":"https:\/\/api.w.org\/{rel}","templated":true}]}}